{"id":73794,"date":"2015-08-10T17:32:33","date_gmt":"2015-08-10T20:32:33","guid":{"rendered":"http:\/\/www.redenoticia.com.br\/noticia\/?p=73794"},"modified":"2015-08-10T17:32:33","modified_gmt":"2015-08-10T20:32:33","slug":"comercio-enfrenta-queda-de-51-nas-vendas-do-dia-dos-pais","status":"publish","type":"post","link":"https:\/\/www.redenoticia.com.br\/noticia\/2015\/comercio-enfrenta-queda-de-51-nas-vendas-do-dia-dos-pais\/73794","title":{"rendered":"Com\u00e9rcio enfrenta queda de 5,1% nas vendas do Dia dos Pais"},"content":{"rendered":"<p>Pela primeira vez desde 2005, as <strong><em>vendas no com\u00e9rcio em comemora\u00e7\u00e3o ao Dia dos Pais ca\u00edram<\/em><\/strong> em todo o pa\u00eds com recuo de 5,1%, segundo do Indicador Serasa Experian de Atividade do Com\u00e9rcio. O percentual refere-se ao \u00e0s vendas no per\u00edodo que antecedeu a data (de 3 a 9 de agosto) comparado com a semana que antecedeu a data no ano passado (de 4 a 10 de agosto).<\/p>\n<p>A pesquisa revela que, na cidade de S\u00e3o Paulo, houve queda de 4,7% na mesma base de compara\u00e7\u00e3o. Na avalia\u00e7\u00e3o dos economistas da Serasa Experian, o desaquecimento est\u00e1 associado \u00e0 &#8220;crise econ\u00f4mica que o pa\u00eds atravessa, marcada pela alta da infla\u00e7\u00e3o, dos juros no credi\u00e1rio, do desemprego e pela queda da confian\u00e7a dos consumidores\u201d.<\/p>\n<p>A baixa movimenta\u00e7\u00e3o no com\u00e9rcio no Dia dos Pais, este ano, ocorre ap\u00f3s uma sequ\u00eancia dez altas seguidas.<\/p>\n<p>No ano passado, a eleva\u00e7\u00e3o j\u00e1 havia sido menos expressiva do que no per\u00edodo anterior, passando de 3,3%, em 2013, para 2,1%, em 2014. O maior volume de vendas ocorreu em 2011, quando elas cresceram 8,8%.<\/p>\n<p>Marli Moreira \u2013 Rep\u00f3rter da Ag\u00eancia Brasil<br \/>\nEdi\u00e7\u00e3o: Denise Griesinger<\/p>\n","protected":false},"excerpt":{"rendered":"<p>Pela primeira vez desde 2005, as vendas no com\u00e9rcio em comemora\u00e7\u00e3o ao Dia dos Pais ca\u00edram em todo o pa\u00eds com recuo de 5,1%, segundo do Indicador Serasa Experian de Atividade do Com\u00e9rcio. O percentual refere-se ao \u00e0s vendas no per\u00edodo que antecedeu a data (de 3 a 9 de agosto) comparado com a semana [&hellip;]<\/p>\n","protected":false},"author":2,"featured_media":40517,"comment_status":"open","ping_status":"closed","sticky":false,"template":"","format":"standard","meta":{"_genesis_hide_title":false,"_genesis_hide_breadcrumbs":false,"_genesis_hide_singular_image":false,"_genesis_hide_footer_widgets":false,"_genesis_custom_body_class":"","_genesis_custom_post_class":"","_genesis_layout":"","_jetpack_memberships_contains_paid_content":false,"footnotes":""},"categories":[22,7],"tags":[],"class_list":{"0":"post-73794","1":"post","2":"type-post","3":"status-publish","4":"format-standard","5":"has-post-thumbnail","7":"category-brasil","8":"category-economia","9":"entry","10":"gs-1","11":"gs-odd","12":"gs-even","13":"gs-featured-content-entry"},"jetpack_featured_media_url":"https:\/\/www.redenoticia.com.br\/noticia\/imagens\/economia-previsao.jpg","jetpack_sharing_enabled":true,"jetpack_likes_enabled":true,"_links":{"self":[{"href":"https:\/\/www.redenoticia.com.br\/noticia\/wp-json\/wp\/v2\/posts\/73794","targetHints":{"allow":["GET"]}}],"collection":[{"href":"https:\/\/www.redenoticia.com.br\/noticia\/wp-json\/wp\/v2\/posts"}],"about":[{"href":"https:\/\/www.redenoticia.com.br\/noticia\/wp-json\/wp\/v2\/types\/post"}],"author":[{"embeddable":true,"href":"https:\/\/www.redenoticia.com.br\/noticia\/wp-json\/wp\/v2\/users\/2"}],"replies":[{"embeddable":true,"href":"https:\/\/www.redenoticia.com.br\/noticia\/wp-json\/wp\/v2\/comments?post=73794"}],"version-history":[{"count":0,"href":"https:\/\/www.redenoticia.com.br\/noticia\/wp-json\/wp\/v2\/posts\/73794\/revisions"}],"wp:featuredmedia":[{"embeddable":true,"href":"https:\/\/www.redenoticia.com.br\/noticia\/wp-json\/wp\/v2\/media\/40517"}],"wp:attachment":[{"href":"https:\/\/www.redenoticia.com.br\/noticia\/wp-json\/wp\/v2\/media?parent=73794"}],"wp:term":[{"taxonomy":"category","embeddable":true,"href":"https:\/\/www.redenoticia.com.br\/noticia\/wp-json\/wp\/v2\/categories?post=73794"},{"taxonomy":"post_tag","embeddable":true,"href":"https:\/\/www.redenoticia.com.br\/noticia\/wp-json\/wp\/v2\/tags?post=73794"}],"curies":[{"name":"wp","href":"https:\/\/api.w.org\/{rel}","templated":true}]}}