{"id":73792,"date":"2015-08-10T17:30:33","date_gmt":"2015-08-10T20:30:33","guid":{"rendered":"http:\/\/www.redenoticia.com.br\/noticia\/?p=73792"},"modified":"2015-08-10T17:30:33","modified_gmt":"2015-08-10T20:30:33","slug":"pesquisa-mostra-que-taxas-de-juros-voltaram-a-subir","status":"publish","type":"post","link":"https:\/\/www.redenoticia.com.br\/noticia\/2015\/pesquisa-mostra-que-taxas-de-juros-voltaram-a-subir\/73792","title":{"rendered":"Pesquisa mostra que taxas de juros voltaram a subir"},"content":{"rendered":"<p> Pelo d\u00e9cimo m\u00eas seguido, as <strong><em>taxas de juros<\/em><\/strong> voltaram a aumentar em julho, segundo apura\u00e7\u00e3o feita pela Associa\u00e7\u00e3o Nacional dos Executivos de Finan\u00e7as Administra\u00e7\u00e3o e Contabilidade (Anefac). Para pessoas f\u00edsicas, as seis modalidades de cr\u00e9dito tiveram alta dos custos de empr\u00e9stimos. Na m\u00e9dia, a taxa subiu 1,73%, passando de 6,94% (em junho) para 7,06% (em julho). Ao ano, a taxa subiu de 141,93% para 143,55%.<\/p>\n<p>A rolagem da d\u00edvida do cart\u00e3o de cr\u00e9dito continua sendo a mais elevada entre as linhas para a pessoa f\u00edsica, com corre\u00e7\u00e3o de julho de 3,91%. Em junho, o consumidor pagava ao m\u00eas 12,54% e passou a pagar 13,03% em m\u00e9dia. No ano, a taxa avan\u00e7ou para 334,84%. Apesar de ter a menor oscila\u00e7\u00e3o entre as modalidades, o cr\u00e9dito direto ao consumidor (CDC) nos bancos para a compra de autom\u00f3veis teve a segunda maior alta, de 0,95%, com taxa de 2,12% ao m\u00eas e 28,63% ao ano.<\/p>\n<p>A segunda maior taxa foi constatada no cheque especial. Os juros subiram na m\u00e9dia 0,9%, alcan\u00e7ando 10,1% ao m\u00eas e 217,28% ao ano. Para obter empr\u00e9stimo pessoal nas institui\u00e7\u00f5es financeiras, o consumidor pagou 0,79% mais, com taxa de 7,7% ao m\u00eas e 143,55% ao ano. Essa linha nos bancos teve corre\u00e7\u00e3o de 0,73%, com a taxa passando para 4,13% ao m\u00eas e 62,52% ao ano. O menor avan\u00e7o ocorreu no com\u00e9rcio, 0,38%. Os juros cobrados pelo setor giraram em 5,25% ao m\u00eas e 84,78% ao ano, em m\u00e9dia.<\/p>\n<p>Para as pessoas f\u00edsicas, os juros subiram, em m\u00e9dia, 0,74%, atingindo 4,06% ao m\u00eas e 61,22% ao ano.<\/p>\n<p>Segundo a Anefac, a tend\u00eancia \u00e9 que os juros continuem em alta. Em nota t\u00e9cnica, a associa\u00e7\u00e3o atribuiu o aperto financeiro ao \u201ccen\u00e1rio econ\u00f4mico, que aumenta o risco do crescimento nos \u00edndices de inadimpl\u00eancia. Este cen\u00e1rio se baseia no fato de os \u00edndices de infla\u00e7\u00e3o mais elevados, o aumento de impostos e os juros maiores reduzirem a renda das fam\u00edlias\u201d.<\/p>\n<p>Na avalia\u00e7\u00e3o econ\u00f4mica, a Anefac disse que as institui\u00e7\u00f5es financeiras embutem, em suas taxas, as prov\u00e1veis perdas com o aumento da inadimpl\u00eancia, previstas diante do baixo crescimento da economia e da consequente eleva\u00e7\u00e3o do desemprego. Al\u00e9m disso, a entidade observa que h\u00e1 expectativas de novas eleva\u00e7\u00f5es da Taxa B\u00e1sica de Juros, a Selic.<\/p>\n<p>Marli Moreira \u2013 Rep\u00f3rter da Ag\u00eancia Brasil<br \/>\nEdi\u00e7\u00e3o: Maria Claudia<\/p>\n","protected":false},"excerpt":{"rendered":"<p>Pelo d\u00e9cimo m\u00eas seguido, as taxas de juros voltaram a aumentar em julho, segundo apura\u00e7\u00e3o feita pela Associa\u00e7\u00e3o Nacional dos Executivos de Finan\u00e7as Administra\u00e7\u00e3o e Contabilidade (Anefac). Para pessoas f\u00edsicas, as seis modalidades de cr\u00e9dito tiveram alta dos custos de empr\u00e9stimos. Na m\u00e9dia, a taxa subiu 1,73%, passando de 6,94% (em junho) para 7,06% (em [&hellip;]<\/p>\n","protected":false},"author":2,"featured_media":57585,"comment_status":"open","ping_status":"closed","sticky":false,"template":"","format":"standard","meta":{"_genesis_hide_title":false,"_genesis_hide_breadcrumbs":false,"_genesis_hide_singular_image":false,"_genesis_hide_footer_widgets":false,"_genesis_custom_body_class":"","_genesis_custom_post_class":"","_genesis_layout":"","_jetpack_memberships_contains_paid_content":false,"footnotes":""},"categories":[22,7],"tags":[],"class_list":{"0":"post-73792","1":"post","2":"type-post","3":"status-publish","4":"format-standard","5":"has-post-thumbnail","7":"category-brasil","8":"category-economia","9":"entry","10":"gs-1","11":"gs-odd","12":"gs-even","13":"gs-featured-content-entry"},"jetpack_featured_media_url":"https:\/\/www.redenoticia.com.br\/noticia\/imagens\/analise-economia.jpg","jetpack_sharing_enabled":true,"jetpack_likes_enabled":true,"_links":{"self":[{"href":"https:\/\/www.redenoticia.com.br\/noticia\/wp-json\/wp\/v2\/posts\/73792","targetHints":{"allow":["GET"]}}],"collection":[{"href":"https:\/\/www.redenoticia.com.br\/noticia\/wp-json\/wp\/v2\/posts"}],"about":[{"href":"https:\/\/www.redenoticia.com.br\/noticia\/wp-json\/wp\/v2\/types\/post"}],"author":[{"embeddable":true,"href":"https:\/\/www.redenoticia.com.br\/noticia\/wp-json\/wp\/v2\/users\/2"}],"replies":[{"embeddable":true,"href":"https:\/\/www.redenoticia.com.br\/noticia\/wp-json\/wp\/v2\/comments?post=73792"}],"version-history":[{"count":0,"href":"https:\/\/www.redenoticia.com.br\/noticia\/wp-json\/wp\/v2\/posts\/73792\/revisions"}],"wp:featuredmedia":[{"embeddable":true,"href":"https:\/\/www.redenoticia.com.br\/noticia\/wp-json\/wp\/v2\/media\/57585"}],"wp:attachment":[{"href":"https:\/\/www.redenoticia.com.br\/noticia\/wp-json\/wp\/v2\/media?parent=73792"}],"wp:term":[{"taxonomy":"category","embeddable":true,"href":"https:\/\/www.redenoticia.com.br\/noticia\/wp-json\/wp\/v2\/categories?post=73792"},{"taxonomy":"post_tag","embeddable":true,"href":"https:\/\/www.redenoticia.com.br\/noticia\/wp-json\/wp\/v2\/tags?post=73792"}],"curies":[{"name":"wp","href":"https:\/\/api.w.org\/{rel}","templated":true}]}}