{"id":73703,"date":"2015-08-07T11:33:12","date_gmt":"2015-08-07T14:33:12","guid":{"rendered":"http:\/\/www.redenoticia.com.br\/noticia\/?p=73703"},"modified":"2015-08-07T11:33:12","modified_gmt":"2015-08-07T14:33:12","slug":"fundacao-procon-sp-aponta-alta-na-taxa-de-juros-no-mes-de-agosto","status":"publish","type":"post","link":"https:\/\/www.redenoticia.com.br\/noticia\/2015\/fundacao-procon-sp-aponta-alta-na-taxa-de-juros-no-mes-de-agosto\/73703","title":{"rendered":"Funda\u00e7\u00e3o Procon-SP aponta alta na taxa de juros no m\u00eas de agosto"},"content":{"rendered":"<p>Pesquisa de <strong><em>taxas de juros<\/em><\/strong> realizada pelo Procon-SP, \u00f3rg\u00e3o vinculado \u00e0 Secretaria de Estado da Justi\u00e7a e da Defesa da Cidadania, aponta que no empr\u00e9stimo pessoal, das sete institui\u00e7\u00f5es financeiras que fazem parte da amostra realizada, seis mantiveram a mesma taxa, apenas o Banco do Brasil elevou o percentual cobrado dos clientes, 5,46% para 5,50% a.m.. J\u00e1 no cheque especial a taxa m\u00e9dia aumentou de 11,49 a.m. para 11,67%.<\/p>\n<p>Empr\u00e9stimo Pessoal<\/p>\n<p>A taxa m\u00e9dia dos bancos pesquisados foi de 6,23% a.m., mesmo percentual do m\u00eas anterior, em fun\u00e7\u00e3o do arredondamento de casas decimais. A taxa m\u00e9dia de julho\/15 foi de 6,226% a.m. e, neste m\u00eas, foi de 6,231% a.m., devido \u00e0 alta do Banco do Brasil, que elevou a taxa de empr\u00e9stimo pessoal de 5,46% para 5,50% a.m., acr\u00e9scimo de 0,04 ponto percentual, representando uma varia\u00e7\u00e3o positiva de 0,73% em rela\u00e7\u00e3o \u00e0 taxa de julho\/15.<\/p>\n<p>Cheque Especial<\/p>\n<p>A taxa m\u00e9dia dos bancos pesquisados foi de 11,67% a.m., superior \u00e0 do m\u00eas anterior que foi de 11,49% a.m., representando um acr\u00e9scimo de 0,18 ponto percentual. O Bradesco alterou de 11,26% para 11,30% a.m., a Caixa Econ\u00f4mica Federal alterou de 9,99% para 10,35% a.m., o Ita\u00fa alterou de 11,29% para 11,63% a.m., e o Santander alterou de 13,74% para 14,24% a.m.. Os demais bancos mantiveram sua taxa.<\/p>\n<p>.<\/p>\n<p>As informa\u00e7\u00f5es s\u00e3o do .<\/p>\n<p>Do Portal do Governo do Estado SP<\/p>\n","protected":false},"excerpt":{"rendered":"<p>Pesquisa de taxas de juros realizada pelo Procon-SP, \u00f3rg\u00e3o vinculado \u00e0 Secretaria de Estado da Justi\u00e7a e da Defesa da Cidadania, aponta que no empr\u00e9stimo pessoal, das sete institui\u00e7\u00f5es financeiras que fazem parte da amostra realizada, seis mantiveram a mesma taxa, apenas o Banco do Brasil elevou o percentual cobrado dos clientes, 5,46% para 5,50% [&hellip;]<\/p>\n","protected":false},"author":2,"featured_media":57583,"comment_status":"open","ping_status":"closed","sticky":false,"template":"","format":"standard","meta":{"_genesis_hide_title":false,"_genesis_hide_breadcrumbs":false,"_genesis_hide_singular_image":false,"_genesis_hide_footer_widgets":false,"_genesis_custom_body_class":"","_genesis_custom_post_class":"","_genesis_layout":"","_jetpack_memberships_contains_paid_content":false,"footnotes":""},"categories":[22,7],"tags":[],"class_list":{"0":"post-73703","1":"post","2":"type-post","3":"status-publish","4":"format-standard","5":"has-post-thumbnail","7":"category-brasil","8":"category-economia","9":"entry","10":"gs-1","11":"gs-odd","12":"gs-even","13":"gs-featured-content-entry"},"jetpack_featured_media_url":"https:\/\/www.redenoticia.com.br\/noticia\/imagens\/economia-grafico.jpg","jetpack_sharing_enabled":true,"jetpack_likes_enabled":true,"_links":{"self":[{"href":"https:\/\/www.redenoticia.com.br\/noticia\/wp-json\/wp\/v2\/posts\/73703","targetHints":{"allow":["GET"]}}],"collection":[{"href":"https:\/\/www.redenoticia.com.br\/noticia\/wp-json\/wp\/v2\/posts"}],"about":[{"href":"https:\/\/www.redenoticia.com.br\/noticia\/wp-json\/wp\/v2\/types\/post"}],"author":[{"embeddable":true,"href":"https:\/\/www.redenoticia.com.br\/noticia\/wp-json\/wp\/v2\/users\/2"}],"replies":[{"embeddable":true,"href":"https:\/\/www.redenoticia.com.br\/noticia\/wp-json\/wp\/v2\/comments?post=73703"}],"version-history":[{"count":0,"href":"https:\/\/www.redenoticia.com.br\/noticia\/wp-json\/wp\/v2\/posts\/73703\/revisions"}],"wp:featuredmedia":[{"embeddable":true,"href":"https:\/\/www.redenoticia.com.br\/noticia\/wp-json\/wp\/v2\/media\/57583"}],"wp:attachment":[{"href":"https:\/\/www.redenoticia.com.br\/noticia\/wp-json\/wp\/v2\/media?parent=73703"}],"wp:term":[{"taxonomy":"category","embeddable":true,"href":"https:\/\/www.redenoticia.com.br\/noticia\/wp-json\/wp\/v2\/categories?post=73703"},{"taxonomy":"post_tag","embeddable":true,"href":"https:\/\/www.redenoticia.com.br\/noticia\/wp-json\/wp\/v2\/tags?post=73703"}],"curies":[{"name":"wp","href":"https:\/\/api.w.org\/{rel}","templated":true}]}}