{"id":73701,"date":"2015-08-07T11:30:31","date_gmt":"2015-08-07T14:30:31","guid":{"rendered":"http:\/\/www.redenoticia.com.br\/noticia\/?p=73701"},"modified":"2015-08-07T11:30:31","modified_gmt":"2015-08-07T14:30:31","slug":"lucro-da-petrobras-diminui-90-no-segundo-trimestre-e-chega-a-r-531-milhoes","status":"publish","type":"post","link":"https:\/\/www.redenoticia.com.br\/noticia\/2015\/lucro-da-petrobras-diminui-90-no-segundo-trimestre-e-chega-a-r-531-milhoes\/73701","title":{"rendered":"Lucro da Petrobras diminui 90% no segundo trimestre e chega a R$ 531 milh\u00f5es"},"content":{"rendered":"<p> A <strong><em>Petrobras<\/em><\/strong> registrou lucro l\u00edquido de R$ 531 milh\u00f5es no segundo trimestre deste ano. O resultado, de acordo com a companhia, \u00e9 90% inferior ao do per\u00edodo anterior e reflete maiores despesas operacionais que compensaram o aumento do lucro bruto. <\/p>\n<p>O resultado operacional ficou em R$ 9,5 bilh\u00f5es, o que representa 29% menos que no trimestre anterior. A Petrobras informou que o valor, em parte, \u00e9 em fun\u00e7\u00e3o do reconhecimento de despesa tribut\u00e1ria de Imposto sobre Opera\u00e7\u00f5es Financeiras (IOF) de R$ 3,1 bilh\u00f5es.<\/p>\n<p> No primeiro trimestre deste ano, a Petrobras registrou lucro l\u00edquido de R$ 5,3 bilh\u00f5es. O valor foi 1% inferior ao obtido no mesmo per\u00edodo do ano passado.<\/p>\n<p>De acordo com a companhia, o resultado refletiu o aumento da despesa financeira l\u00edquida da companhia, principalmente, em fun\u00e7\u00e3o da deprecia\u00e7\u00e3o do real em rela\u00e7\u00e3o ao d\u00f3lar.<\/p>\n<p>No primeiro semestre, o lucro l\u00edquido chegou a R$ 5,9 bilh\u00f5es, representando queda de 43% em rela\u00e7\u00e3o ao mesmo per\u00edodo do ano passado. A empresa informou que o aumento de despesas financeiras l\u00edquidas e o reconhecimento de despesa tribut\u00e1ria de IOF influenciaram o desempenho.<\/p>\n<p>J\u00e1 o lucro operacional no mesmo per\u00edodo atingiu R$ 22,8 bilh\u00f5es, uma eleva\u00e7\u00e3o de 39% na compara\u00e7\u00e3o com o primeiro semestre de 2014.<\/p>\n<p>O presidente da Petrobras, Aldemir Bendine, disse que, dadas as condi\u00e7\u00f5es de mercado, n\u00e3o h\u00e1 perspetiva de aumento nos pre\u00e7os dos combust\u00edveis, mas n\u00e3o descartou uma eleva\u00e7\u00e3o caso mudem as condi\u00e7\u00f5es. &#8220;N\u00e3o posso fazer futurologia sobre o pre\u00e7o&#8221;, afirmou.<\/p>\n<p>Bendine acrescentou que 2015 ainda \u00e9 um ano de ajustes para a Petrobras. &#8220;Queremos deixar a companhia saneada, com seus passivos e tudo que tem de enfrentar&#8221;, concluiu.<\/p>\n<p>Cristina Indio do Brasil &#8211; Rep\u00f3rter da Ag\u00eancia Brasil<br \/>\nEdi\u00e7\u00e3o: Jorge Wamburg<\/p>\n","protected":false},"excerpt":{"rendered":"<p>A Petrobras registrou lucro l\u00edquido de R$ 531 milh\u00f5es no segundo trimestre deste ano. O resultado, de acordo com a companhia, \u00e9 90% inferior ao do per\u00edodo anterior e reflete maiores despesas operacionais que compensaram o aumento do lucro bruto. O resultado operacional ficou em R$ 9,5 bilh\u00f5es, o que representa 29% menos que no [&hellip;]<\/p>\n","protected":false},"author":2,"featured_media":40734,"comment_status":"open","ping_status":"closed","sticky":false,"template":"","format":"standard","meta":{"_genesis_hide_title":false,"_genesis_hide_breadcrumbs":false,"_genesis_hide_singular_image":false,"_genesis_hide_footer_widgets":false,"_genesis_custom_body_class":"","_genesis_custom_post_class":"","_genesis_layout":"","_jetpack_memberships_contains_paid_content":false,"footnotes":""},"categories":[22,7],"tags":[],"class_list":{"0":"post-73701","1":"post","2":"type-post","3":"status-publish","4":"format-standard","5":"has-post-thumbnail","7":"category-brasil","8":"category-economia","9":"entry","10":"gs-1","11":"gs-odd","12":"gs-even","13":"gs-featured-content-entry"},"jetpack_featured_media_url":"https:\/\/www.redenoticia.com.br\/noticia\/imagens\/economia-resultados.jpg","jetpack_sharing_enabled":true,"jetpack_likes_enabled":true,"_links":{"self":[{"href":"https:\/\/www.redenoticia.com.br\/noticia\/wp-json\/wp\/v2\/posts\/73701","targetHints":{"allow":["GET"]}}],"collection":[{"href":"https:\/\/www.redenoticia.com.br\/noticia\/wp-json\/wp\/v2\/posts"}],"about":[{"href":"https:\/\/www.redenoticia.com.br\/noticia\/wp-json\/wp\/v2\/types\/post"}],"author":[{"embeddable":true,"href":"https:\/\/www.redenoticia.com.br\/noticia\/wp-json\/wp\/v2\/users\/2"}],"replies":[{"embeddable":true,"href":"https:\/\/www.redenoticia.com.br\/noticia\/wp-json\/wp\/v2\/comments?post=73701"}],"version-history":[{"count":0,"href":"https:\/\/www.redenoticia.com.br\/noticia\/wp-json\/wp\/v2\/posts\/73701\/revisions"}],"wp:featuredmedia":[{"embeddable":true,"href":"https:\/\/www.redenoticia.com.br\/noticia\/wp-json\/wp\/v2\/media\/40734"}],"wp:attachment":[{"href":"https:\/\/www.redenoticia.com.br\/noticia\/wp-json\/wp\/v2\/media?parent=73701"}],"wp:term":[{"taxonomy":"category","embeddable":true,"href":"https:\/\/www.redenoticia.com.br\/noticia\/wp-json\/wp\/v2\/categories?post=73701"},{"taxonomy":"post_tag","embeddable":true,"href":"https:\/\/www.redenoticia.com.br\/noticia\/wp-json\/wp\/v2\/tags?post=73701"}],"curies":[{"name":"wp","href":"https:\/\/api.w.org\/{rel}","templated":true}]}}