{"id":73699,"date":"2015-08-07T11:28:03","date_gmt":"2015-08-07T14:28:03","guid":{"rendered":"http:\/\/www.redenoticia.com.br\/noticia\/?p=73699"},"modified":"2015-08-07T11:28:03","modified_gmt":"2015-08-07T14:28:03","slug":"ministerio-publico-do-rio-pede-informacoes-sobre-obras-olimpicas","status":"publish","type":"post","link":"https:\/\/www.redenoticia.com.br\/noticia\/2015\/ministerio-publico-do-rio-pede-informacoes-sobre-obras-olimpicas\/73699","title":{"rendered":"Minist\u00e9rio P\u00fablico do Rio pede informa\u00e7\u00f5es sobre obras ol\u00edmpicas"},"content":{"rendered":"<p> O Minist\u00e9rio P\u00fablico Federal (MPF) no Rio de Janeiro quer informa\u00e7\u00f5es sobre a execu\u00e7\u00e3o das <strong><em>obras do Complexo Esportivo<\/em><\/strong> de Deodoro, na zona norte do Rio, e do Parque Ol\u00edmpico da Barra, na zona oeste.<\/p>\n<p>O Grupo de Trabalho Olimp\u00edadas 2016 do MPF encaminhou of\u00edcio \u00e0 Empresa Ol\u00edmpica Municipal da prefeitura do Rio de Janeiro, com o pedido de detalhamento dos projetos executivos. A empresa administra os projetos e a\u00e7\u00f5es municipais relacionados aos Jogos Ol\u00edmpicos de 2016.<\/p>\n<p>Segundo o coordenador do grupo, o procurador da Rep\u00fablica Leandro Mitidieri, na fase atual de execu\u00e7\u00e3o, o MPF precisa ter acesso aos projetos executivos realizados com recursos p\u00fablicos federais, porque os procuradores acompanham o trabalho de controle das obras feito pelo Tribunal de Contas da Uni\u00e3o (TCU) e pela Controladoria-Geral da Uni\u00e3o (CGU).<\/p>\n<p> \u201cEm reuni\u00e3o com esses \u00f3rg\u00e3os de controle, verificamos que, nas \u00faltimas auditorias, eles n\u00e3o tiveram acesso aos projetos executivos. Ent\u00e3o, apesar dessas obras de grandes eventos estarem submetidas a um regime diferenciado, n\u00e3o obstante permitir uma certa altera\u00e7\u00e3o no projeto executivo, tem que haver uma publicidade sempre do que est\u00e1 sendo executado\u201d, esclareceu o procurador.<\/p>\n<p>O TCU deve acompanhar a regularidade dos financiamentos de projetos ol\u00edmpicos concedidos pelas institui\u00e7\u00f5es financeiras federais como a Caixa Econ\u00f4mica Federal, o Banco do Brasil e o Banco Nacional de Desenvolvimento Econ\u00f4mico e Social (BNDES). \u00c0 Controladoria-Geral da Uni\u00e3o cabe tamb\u00e9m fiscalizar as obras.<\/p>\n<p>O procurador Leandro Mitidieri acrescentou que a inten\u00e7\u00e3o \u00e9 buscar a transpar\u00eancia prevista na legisla\u00e7\u00e3o. \u201cDesde o primeiro decreto sobre a quest\u00e3o dos jogos, de 2009, a legisla\u00e7\u00e3o vem insistindo na quest\u00e3o da transpar\u00eancia nas a\u00e7\u00f5es do governo federal na realiza\u00e7\u00e3o dos Jogos Ol\u00edmpicos e Paral\u00edmpicos. Temos tamb\u00e9m a Lei de Acesso \u00e0 Informa\u00e7\u00e3o, de 2011, e a lei espec\u00edfica para quem recebe incentivo para os Jogos de 2013\u201d, completou.<\/p>\n<p>Tamb\u00e9m fazem parte do Grupo de Trabalho Olimp\u00edadas 2016 os procuradores da Rep\u00fablica Tatiana Pollo Flores, Gabriela Rodrigues Figueiredo Pereira e S\u00e9rgio Luiz Pinel Dias. Todos eles integram o N\u00facleo de Combate \u00e0 Corrup\u00e7\u00e3o da Procuradoria da Rep\u00fablica no Rio de Janeiro.<\/p>\n<p>A Empresa Ol\u00edmpica Municipal informou que ainda n\u00e3o recebeu a notifica\u00e7\u00e3o e que, por isso, n\u00e3o  comentaria, por enquanto, o pedido do MPF. O procurador disse que n\u00e3o haver\u00e1 dificuldades de a empresa prestar os esclarecimentos.<\/p>\n<p>Cristina Indio do Brasil &#8211; Rep\u00f3rter Ag\u00eancia Brasil<br \/>\nEdi\u00e7\u00e3o: Jorge Wamburg<\/p>\n","protected":false},"excerpt":{"rendered":"<p>O Minist\u00e9rio P\u00fablico Federal (MPF) no Rio de Janeiro quer informa\u00e7\u00f5es sobre a execu\u00e7\u00e3o das obras do Complexo Esportivo de Deodoro, na zona norte do Rio, e do Parque Ol\u00edmpico da Barra, na zona oeste. O Grupo de Trabalho Olimp\u00edadas 2016 do MPF encaminhou of\u00edcio \u00e0 Empresa Ol\u00edmpica Municipal da prefeitura do Rio de Janeiro, [&hellip;]<\/p>\n","protected":false},"author":2,"featured_media":38938,"comment_status":"open","ping_status":"closed","sticky":false,"template":"","format":"standard","meta":{"_genesis_hide_title":false,"_genesis_hide_breadcrumbs":false,"_genesis_hide_singular_image":false,"_genesis_hide_footer_widgets":false,"_genesis_custom_body_class":"","_genesis_custom_post_class":"","_genesis_layout":"","_jetpack_memberships_contains_paid_content":false,"footnotes":""},"categories":[22],"tags":[],"class_list":{"0":"post-73699","1":"post","2":"type-post","3":"status-publish","4":"format-standard","5":"has-post-thumbnail","7":"category-brasil","8":"entry","9":"gs-1","10":"gs-odd","11":"gs-even","12":"gs-featured-content-entry"},"jetpack_featured_media_url":"https:\/\/www.redenoticia.com.br\/noticia\/imagens\/economia1.jpg","jetpack_sharing_enabled":true,"jetpack_likes_enabled":true,"_links":{"self":[{"href":"https:\/\/www.redenoticia.com.br\/noticia\/wp-json\/wp\/v2\/posts\/73699","targetHints":{"allow":["GET"]}}],"collection":[{"href":"https:\/\/www.redenoticia.com.br\/noticia\/wp-json\/wp\/v2\/posts"}],"about":[{"href":"https:\/\/www.redenoticia.com.br\/noticia\/wp-json\/wp\/v2\/types\/post"}],"author":[{"embeddable":true,"href":"https:\/\/www.redenoticia.com.br\/noticia\/wp-json\/wp\/v2\/users\/2"}],"replies":[{"embeddable":true,"href":"https:\/\/www.redenoticia.com.br\/noticia\/wp-json\/wp\/v2\/comments?post=73699"}],"version-history":[{"count":0,"href":"https:\/\/www.redenoticia.com.br\/noticia\/wp-json\/wp\/v2\/posts\/73699\/revisions"}],"wp:featuredmedia":[{"embeddable":true,"href":"https:\/\/www.redenoticia.com.br\/noticia\/wp-json\/wp\/v2\/media\/38938"}],"wp:attachment":[{"href":"https:\/\/www.redenoticia.com.br\/noticia\/wp-json\/wp\/v2\/media?parent=73699"}],"wp:term":[{"taxonomy":"category","embeddable":true,"href":"https:\/\/www.redenoticia.com.br\/noticia\/wp-json\/wp\/v2\/categories?post=73699"},{"taxonomy":"post_tag","embeddable":true,"href":"https:\/\/www.redenoticia.com.br\/noticia\/wp-json\/wp\/v2\/tags?post=73699"}],"curies":[{"name":"wp","href":"https:\/\/api.w.org\/{rel}","templated":true}]}}