{"id":73665,"date":"2015-08-06T14:40:51","date_gmt":"2015-08-06T17:40:51","guid":{"rendered":"http:\/\/www.redenoticia.com.br\/noticia\/?p=73665"},"modified":"2015-08-06T14:40:51","modified_gmt":"2015-08-06T17:40:51","slug":"inflacao-para-familias-com-renda-de-ate-25-salarios-sobe-quase-8","status":"publish","type":"post","link":"https:\/\/www.redenoticia.com.br\/noticia\/2015\/inflacao-para-familias-com-renda-de-ate-25-salarios-sobe-quase-8\/73665","title":{"rendered":"Infla\u00e7\u00e3o para fam\u00edlias com renda de at\u00e9 2,5 sal\u00e1rios sobe quase 8%"},"content":{"rendered":"<p>O \u00cdndice de Pre\u00e7os ao Consumidor-Classe 1 (IPC-C1), que mede a <strong><em>infla\u00e7\u00e3o<\/em><\/strong> para as fam\u00edlias com renda de at\u00e9 2,5 sal\u00e1rios, fechou os primeiros sete meses do ano com alta acumulada de 7,94%, informou o Instituto Brasileiro de Economia (Ibre) da Funda\u00e7\u00e3o Getulio Vargas (FGV).<\/p>\n<p>Em julho, o IPC-C1 registrou \u00edndice de 0,68%, resultado 0,17 ponto percentual abaixo da taxa apurada em junho, que foi 0,85%. O \u00edndice alcan\u00e7ou 10,31% nos \u00faltimos 12 meses.<\/p>\n<p>De junho para julho, sete das oito classes de despesa componentes do \u00edndice apresentaram decr\u00e9scimo em suas taxas, com destaque para despesas diversas (de 2,36% para 0,16%), vestu\u00e1rio (de 0,32% para -0,21%), educa\u00e7\u00e3o, leitura e recrea\u00e7\u00e3o (de 0,77% para 0,03%), alimenta\u00e7\u00e3o (de 1,02% para 0,94%) e transportes (de 0,29% para 0,13%).<\/p>\n<p>Em contrapartida, o grupo habita\u00e7\u00e3o subiu de 0,97% para 1,18%, em raz\u00e3o do comportamento da tarifa de eletricidade residencial, que registrou eleva\u00e7\u00e3o de 0,19% para 3,8%.<\/p>\n<p>Nielmar de Oliveira \u2013 Rep\u00f3rter da Ag\u00eancia Brasil<br \/>\nEdi\u00e7\u00e3o: Jos\u00e9 Romildo<\/p>\n<p>&#8212;<br \/>\nA Empresa Brasil de Comunica\u00e7\u00e3o \u00e9 uma institui\u00e7\u00e3o da democracia brasileira: p\u00fablica, inclusiva e cidad\u00e3.  Criada em 2007 para fortalecer o sistema p\u00fablico de comunica\u00e7\u00e3o, \u00e9 gestora dos canais TV Brasil, TV Brasil Internacional, Ag\u00eancia Brasil, Radioag\u00eancia Nacional e do sistema p\u00fablico de R\u00e1dio \u2013 composto por oito emissoras. Estes, por sua independ\u00eancia editorial, distinguem-se dos canais estatais ou governamentais, com conte\u00fados diferenciados e complementares aos canais privados.<br \/>\nOs ve\u00edculos da EBC t\u00eam autonomia para definir produ\u00e7\u00e3o, programa\u00e7\u00e3o e distribui\u00e7\u00e3o de conte\u00fados.<\/p>\n","protected":false},"excerpt":{"rendered":"<p>O \u00cdndice de Pre\u00e7os ao Consumidor-Classe 1 (IPC-C1), que mede a infla\u00e7\u00e3o para as fam\u00edlias com renda de at\u00e9 2,5 sal\u00e1rios, fechou os primeiros sete meses do ano com alta acumulada de 7,94%, informou o Instituto Brasileiro de Economia (Ibre) da Funda\u00e7\u00e3o Getulio Vargas (FGV). Em julho, o IPC-C1 registrou \u00edndice de 0,68%, resultado 0,17 [&hellip;]<\/p>\n","protected":false},"author":2,"featured_media":0,"comment_status":"open","ping_status":"closed","sticky":false,"template":"","format":"standard","meta":{"_genesis_hide_title":false,"_genesis_hide_breadcrumbs":false,"_genesis_hide_singular_image":false,"_genesis_hide_footer_widgets":false,"_genesis_custom_body_class":"","_genesis_custom_post_class":"","_genesis_layout":"","_jetpack_memberships_contains_paid_content":false,"footnotes":""},"categories":[22],"tags":[],"class_list":{"0":"post-73665","1":"post","2":"type-post","3":"status-publish","4":"format-standard","6":"category-brasil","7":"entry","8":"gs-1","9":"gs-odd","10":"gs-even","11":"gs-featured-content-entry"},"jetpack_featured_media_url":"","jetpack_sharing_enabled":true,"jetpack_likes_enabled":true,"_links":{"self":[{"href":"https:\/\/www.redenoticia.com.br\/noticia\/wp-json\/wp\/v2\/posts\/73665","targetHints":{"allow":["GET"]}}],"collection":[{"href":"https:\/\/www.redenoticia.com.br\/noticia\/wp-json\/wp\/v2\/posts"}],"about":[{"href":"https:\/\/www.redenoticia.com.br\/noticia\/wp-json\/wp\/v2\/types\/post"}],"author":[{"embeddable":true,"href":"https:\/\/www.redenoticia.com.br\/noticia\/wp-json\/wp\/v2\/users\/2"}],"replies":[{"embeddable":true,"href":"https:\/\/www.redenoticia.com.br\/noticia\/wp-json\/wp\/v2\/comments?post=73665"}],"version-history":[{"count":0,"href":"https:\/\/www.redenoticia.com.br\/noticia\/wp-json\/wp\/v2\/posts\/73665\/revisions"}],"wp:attachment":[{"href":"https:\/\/www.redenoticia.com.br\/noticia\/wp-json\/wp\/v2\/media?parent=73665"}],"wp:term":[{"taxonomy":"category","embeddable":true,"href":"https:\/\/www.redenoticia.com.br\/noticia\/wp-json\/wp\/v2\/categories?post=73665"},{"taxonomy":"post_tag","embeddable":true,"href":"https:\/\/www.redenoticia.com.br\/noticia\/wp-json\/wp\/v2\/tags?post=73665"}],"curies":[{"name":"wp","href":"https:\/\/api.w.org\/{rel}","templated":true}]}}