{"id":73663,"date":"2015-08-06T14:39:01","date_gmt":"2015-08-06T17:39:01","guid":{"rendered":"http:\/\/www.redenoticia.com.br\/noticia\/?p=73663"},"modified":"2015-08-06T14:39:01","modified_gmt":"2015-08-06T17:39:01","slug":"copom-aumenta-projecao-para-reajuste-das-tarifas-de-energia-e-botijao-de-gas","status":"publish","type":"post","link":"https:\/\/www.redenoticia.com.br\/noticia\/2015\/copom-aumenta-projecao-para-reajuste-das-tarifas-de-energia-e-botijao-de-gas\/73663","title":{"rendered":"Copom aumenta proje\u00e7\u00e3o para reajuste das tarifas de energia e botij\u00e3o de g\u00e1s"},"content":{"rendered":"<p> O Comit\u00ea de Pol\u00edtica Monet\u00e1ria (Copom) do Banco Central (BC) aumentou a proje\u00e7\u00e3o para o <strong><em>pre\u00e7o da tarifa de energia el\u00e9trica<\/em><\/strong> de 41% para 50,9%, este ano. A estimativa para o pre\u00e7o do botij\u00e3o de g\u00e1s tamb\u00e9m subiu, de 3% para 4,6%. A estimativa para o pre\u00e7o da gasolina ficou praticamente est\u00e1vel, ao passar de 9,1% para 9,2%.<\/p>\n<p> A proje\u00e7\u00e3o para as tarifas de telefonia \u00e9 que a queda seja de 3%, ante 4,4% previstos em junho. As estimativas constam da ata da \u00faltima reuni\u00e3o do Copom, divulgada hoje (6).<\/p>\n<p>Para o conjunto de pre\u00e7os administrados por contrato e monitorados, o comit\u00ea projeta varia\u00e7\u00e3o de 14,8% em 2015, ante 12,7% considerados na reuni\u00e3o do Copom de junho.<\/p>\n<p>Em 2016, a proje\u00e7\u00e3o para o conjunto dos pre\u00e7os administrados por contrato e monitorados \u00e9 5,7%, ante 5,3% considerados na reuni\u00e3o do comit\u00ea de junho.<\/p>\n<p>Kelly Oliveira \u2013 Rep\u00f3rter da Ag\u00eancia Brasil<br \/>\nEdi\u00e7\u00e3o: Denise Griesinger<\/p>\n<p>&#8212;<br \/>\nA Empresa Brasil de Comunica\u00e7\u00e3o \u00e9 uma institui\u00e7\u00e3o da democracia brasileira: p\u00fablica, inclusiva e cidad\u00e3.  Criada em 2007 para fortalecer o sistema p\u00fablico de comunica\u00e7\u00e3o, \u00e9 gestora dos canais TV Brasil, TV Brasil Internacional, Ag\u00eancia Brasil, Radioag\u00eancia Nacional e do sistema p\u00fablico de R\u00e1dio \u2013 composto por oito emissoras. Estes, por sua independ\u00eancia editorial, distinguem-se dos canais estatais ou governamentais, com conte\u00fados diferenciados e complementares aos canais privados.<br \/>\nOs ve\u00edculos da EBC t\u00eam autonomia para definir produ\u00e7\u00e3o, programa\u00e7\u00e3o e distribui\u00e7\u00e3o de conte\u00fados.<\/p>\n","protected":false},"excerpt":{"rendered":"<p>O Comit\u00ea de Pol\u00edtica Monet\u00e1ria (Copom) do Banco Central (BC) aumentou a proje\u00e7\u00e3o para o pre\u00e7o da tarifa de energia el\u00e9trica de 41% para 50,9%, este ano. A estimativa para o pre\u00e7o do botij\u00e3o de g\u00e1s tamb\u00e9m subiu, de 3% para 4,6%. A estimativa para o pre\u00e7o da gasolina ficou praticamente est\u00e1vel, ao passar de [&hellip;]<\/p>\n","protected":false},"author":2,"featured_media":38940,"comment_status":"open","ping_status":"closed","sticky":false,"template":"","format":"standard","meta":{"_genesis_hide_title":false,"_genesis_hide_breadcrumbs":false,"_genesis_hide_singular_image":false,"_genesis_hide_footer_widgets":false,"_genesis_custom_body_class":"","_genesis_custom_post_class":"","_genesis_layout":"","_jetpack_memberships_contains_paid_content":false,"footnotes":""},"categories":[22,7],"tags":[],"class_list":{"0":"post-73663","1":"post","2":"type-post","3":"status-publish","4":"format-standard","5":"has-post-thumbnail","7":"category-brasil","8":"category-economia","9":"entry","10":"gs-1","11":"gs-odd","12":"gs-even","13":"gs-featured-content-entry"},"jetpack_featured_media_url":"https:\/\/www.redenoticia.com.br\/noticia\/imagens\/grafico.jpg","jetpack_sharing_enabled":true,"jetpack_likes_enabled":true,"_links":{"self":[{"href":"https:\/\/www.redenoticia.com.br\/noticia\/wp-json\/wp\/v2\/posts\/73663","targetHints":{"allow":["GET"]}}],"collection":[{"href":"https:\/\/www.redenoticia.com.br\/noticia\/wp-json\/wp\/v2\/posts"}],"about":[{"href":"https:\/\/www.redenoticia.com.br\/noticia\/wp-json\/wp\/v2\/types\/post"}],"author":[{"embeddable":true,"href":"https:\/\/www.redenoticia.com.br\/noticia\/wp-json\/wp\/v2\/users\/2"}],"replies":[{"embeddable":true,"href":"https:\/\/www.redenoticia.com.br\/noticia\/wp-json\/wp\/v2\/comments?post=73663"}],"version-history":[{"count":0,"href":"https:\/\/www.redenoticia.com.br\/noticia\/wp-json\/wp\/v2\/posts\/73663\/revisions"}],"wp:featuredmedia":[{"embeddable":true,"href":"https:\/\/www.redenoticia.com.br\/noticia\/wp-json\/wp\/v2\/media\/38940"}],"wp:attachment":[{"href":"https:\/\/www.redenoticia.com.br\/noticia\/wp-json\/wp\/v2\/media?parent=73663"}],"wp:term":[{"taxonomy":"category","embeddable":true,"href":"https:\/\/www.redenoticia.com.br\/noticia\/wp-json\/wp\/v2\/categories?post=73663"},{"taxonomy":"post_tag","embeddable":true,"href":"https:\/\/www.redenoticia.com.br\/noticia\/wp-json\/wp\/v2\/tags?post=73663"}],"curies":[{"name":"wp","href":"https:\/\/api.w.org\/{rel}","templated":true}]}}