{"id":73661,"date":"2015-08-06T14:36:30","date_gmt":"2015-08-06T17:36:30","guid":{"rendered":"http:\/\/www.redenoticia.com.br\/noticia\/?p=73661"},"modified":"2015-08-06T14:36:30","modified_gmt":"2015-08-06T17:36:30","slug":"vendas-de-veiculos-acumulam-queda-de-194-em-2015","status":"publish","type":"post","link":"https:\/\/www.redenoticia.com.br\/noticia\/2015\/vendas-de-veiculos-acumulam-queda-de-194-em-2015\/73661","title":{"rendered":"Vendas de ve\u00edculos acumulam queda de 19,4% em 2015"},"content":{"rendered":"<p> As <strong><em>vendas de ve\u00edculos<\/em><\/strong> registraram retra\u00e7\u00e3o de 19,4% no acumulado de 2016. Nos primeiros sete meses do ano passado foram vendidas 1,6 milh\u00e3o de unidades. Enquanto nos primeiros sete meses de 2015, foram comercializados 1,3 milh\u00e3o de ve\u00edculos. Os dados foram divulgados pela Associa\u00e7\u00e3o Nacional de Fabricantes de Ve\u00edculos Automotores (Anfavea). <\/p>\n<p>Apesar da queda no acumulado do ano, no m\u00eas de julho, as vendas de ve\u00edculos subiram 5,7% na compara\u00e7\u00e3o com junho. Segundo o balan\u00e7o foram licenciadas 189,9 mil unidades em julho, contra 179,6 mil em junho. Na compara\u00e7\u00e3o com o ano passado, o resultado \u00e9 de queda de 21,6% nas vendas. No mesmo m\u00eas de 2014 foram licenciadas 242,1 mil unidades.<\/p>\n<p>A produ\u00e7\u00e3o tamb\u00e9m aumentou na compara\u00e7\u00e3o entre julho e junho deste ano, de 182,7 mil para 215,1 mil \u2013 crescimento de 17,8%. No entanto, em rela\u00e7\u00e3o aos 252,7 mil ve\u00edculos produzidos em julho de 2014, a fabrica\u00e7\u00e3o caiu 14,9%.<\/p>\n<p>O n\u00famero de pessoas empregadas no setor teve ligeira retra\u00e7\u00e3o entre julho e junho (0,9%). Caiu de 136,9 mil para 135,7 mil. Em compara\u00e7\u00e3o com julho de 2014 a queda \u00e9 de 9,7%, naquele m\u00eas o setor empregava 150,2 mil pessoas.<\/p>\n<p>Daniel Mello \u2013 Rep\u00f3rter da Ag\u00eancia Brasil<br \/>\nEdi\u00e7\u00e3o: Denise Griesinger<\/p>\n","protected":false},"excerpt":{"rendered":"<p>As vendas de ve\u00edculos registraram retra\u00e7\u00e3o de 19,4% no acumulado de 2016. Nos primeiros sete meses do ano passado foram vendidas 1,6 milh\u00e3o de unidades. Enquanto nos primeiros sete meses de 2015, foram comercializados 1,3 milh\u00e3o de ve\u00edculos. Os dados foram divulgados pela Associa\u00e7\u00e3o Nacional de Fabricantes de Ve\u00edculos Automotores (Anfavea). Apesar da queda no [&hellip;]<\/p>\n","protected":false},"author":2,"featured_media":35207,"comment_status":"open","ping_status":"closed","sticky":false,"template":"","format":"standard","meta":{"_genesis_hide_title":false,"_genesis_hide_breadcrumbs":false,"_genesis_hide_singular_image":false,"_genesis_hide_footer_widgets":false,"_genesis_custom_body_class":"","_genesis_custom_post_class":"","_genesis_layout":"","_jetpack_memberships_contains_paid_content":false,"footnotes":""},"categories":[22,7],"tags":[],"class_list":{"0":"post-73661","1":"post","2":"type-post","3":"status-publish","4":"format-standard","5":"has-post-thumbnail","7":"category-brasil","8":"category-economia","9":"entry","10":"gs-1","11":"gs-odd","12":"gs-even","13":"gs-featured-content-entry"},"jetpack_featured_media_url":"https:\/\/www.redenoticia.com.br\/noticia\/imagens\/transito-estradas.jpg","jetpack_sharing_enabled":true,"jetpack_likes_enabled":true,"_links":{"self":[{"href":"https:\/\/www.redenoticia.com.br\/noticia\/wp-json\/wp\/v2\/posts\/73661","targetHints":{"allow":["GET"]}}],"collection":[{"href":"https:\/\/www.redenoticia.com.br\/noticia\/wp-json\/wp\/v2\/posts"}],"about":[{"href":"https:\/\/www.redenoticia.com.br\/noticia\/wp-json\/wp\/v2\/types\/post"}],"author":[{"embeddable":true,"href":"https:\/\/www.redenoticia.com.br\/noticia\/wp-json\/wp\/v2\/users\/2"}],"replies":[{"embeddable":true,"href":"https:\/\/www.redenoticia.com.br\/noticia\/wp-json\/wp\/v2\/comments?post=73661"}],"version-history":[{"count":0,"href":"https:\/\/www.redenoticia.com.br\/noticia\/wp-json\/wp\/v2\/posts\/73661\/revisions"}],"wp:featuredmedia":[{"embeddable":true,"href":"https:\/\/www.redenoticia.com.br\/noticia\/wp-json\/wp\/v2\/media\/35207"}],"wp:attachment":[{"href":"https:\/\/www.redenoticia.com.br\/noticia\/wp-json\/wp\/v2\/media?parent=73661"}],"wp:term":[{"taxonomy":"category","embeddable":true,"href":"https:\/\/www.redenoticia.com.br\/noticia\/wp-json\/wp\/v2\/categories?post=73661"},{"taxonomy":"post_tag","embeddable":true,"href":"https:\/\/www.redenoticia.com.br\/noticia\/wp-json\/wp\/v2\/tags?post=73661"}],"curies":[{"name":"wp","href":"https:\/\/api.w.org\/{rel}","templated":true}]}}