{"id":73659,"date":"2015-08-06T14:33:38","date_gmt":"2015-08-06T17:33:38","guid":{"rendered":"http:\/\/www.redenoticia.com.br\/noticia\/?p=73659"},"modified":"2015-08-06T14:33:38","modified_gmt":"2015-08-06T17:33:38","slug":"aprovacao-do-governo-dilma-cai-para-8","status":"publish","type":"post","link":"https:\/\/www.redenoticia.com.br\/noticia\/2015\/aprovacao-do-governo-dilma-cai-para-8\/73659","title":{"rendered":"Aprova\u00e7\u00e3o do governo Dilma cai para 8%"},"content":{"rendered":"<p> A popularidade da presidenta Dilma Rousseff voltou a cair, como mostra <strong><em>pesquisa Datafolha<\/em><\/strong> divulgada nesta quinta-feira (6). Segundo o levantamento, feito nos dias 4 e 5 de agosto, 71% dos entrevistados consideram o governo ruim ou p\u00e9ssimo, enquanto 8% avaliam a administra\u00e7\u00e3o da petista como \u00f3tima ou boa. No \u00faltimo levantamento, divulgado em junho, 65% dos entrevistados consideraram o governo Dilma ruim ou p\u00e9ssimo e 10% o avaliaram como \u00f3timo ou bom.<\/p>\n<p>De acordo com a pesquisa, que ouviu 3.358 pessoas em 201 munic\u00edpios nas cinco regi\u00f5es do pa\u00eds, o grupo daqueles que consideravam o governo regular passou de 24%, em junho, para 20% este m\u00eas. A margem de erro do levantamento \u00e9 de 2 pontos percentuais.<\/p>\n<p>A pesquisa mostra ainda que a rejei\u00e7\u00e3o ao governo Dilma \u00e9 homog\u00eanea em todas as regi\u00f5es do pa\u00eds. Os piores \u00edndices foram registrados na Regi\u00e3o Centro-Oeste, onde 77% dos entrevistados consideram-no ruim ou p\u00e9ssimo, seguido da Regi\u00e3o Sudeste, onde 73% avaliaram a gest\u00e3o petista como ruim ou p\u00e9ssima. Esse percentual no Nordeste chega a 66%.<\/p>\n<p>O Datafolha tamb\u00e9m perguntou aos entrevistados qual \u00e9 o melhor sistema de governo para o pa\u00eds. Para 53%, o presidencialismo \u00e9 a melhor op\u00e7\u00e3o, 28% consideraram o parlamentarismo e 19% n\u00e3o souberam responder.<\/p>\n<p>Edi\u00e7\u00e3o: Gra\u00e7a Adjuto<\/p>\n","protected":false},"excerpt":{"rendered":"<p>A popularidade da presidenta Dilma Rousseff voltou a cair, como mostra pesquisa Datafolha divulgada nesta quinta-feira (6). Segundo o levantamento, feito nos dias 4 e 5 de agosto, 71% dos entrevistados consideram o governo ruim ou p\u00e9ssimo, enquanto 8% avaliam a administra\u00e7\u00e3o da petista como \u00f3tima ou boa. No \u00faltimo levantamento, divulgado em junho, 65% [&hellip;]<\/p>\n","protected":false},"author":2,"featured_media":57585,"comment_status":"open","ping_status":"closed","sticky":false,"template":"","format":"standard","meta":{"_genesis_hide_title":false,"_genesis_hide_breadcrumbs":false,"_genesis_hide_singular_image":false,"_genesis_hide_footer_widgets":false,"_genesis_custom_body_class":"","_genesis_custom_post_class":"","_genesis_layout":"","_jetpack_memberships_contains_paid_content":false,"footnotes":""},"categories":[22],"tags":[],"class_list":{"0":"post-73659","1":"post","2":"type-post","3":"status-publish","4":"format-standard","5":"has-post-thumbnail","7":"category-brasil","8":"entry","9":"gs-1","10":"gs-odd","11":"gs-even","12":"gs-featured-content-entry"},"jetpack_featured_media_url":"https:\/\/www.redenoticia.com.br\/noticia\/imagens\/analise-economia.jpg","jetpack_sharing_enabled":true,"jetpack_likes_enabled":true,"_links":{"self":[{"href":"https:\/\/www.redenoticia.com.br\/noticia\/wp-json\/wp\/v2\/posts\/73659","targetHints":{"allow":["GET"]}}],"collection":[{"href":"https:\/\/www.redenoticia.com.br\/noticia\/wp-json\/wp\/v2\/posts"}],"about":[{"href":"https:\/\/www.redenoticia.com.br\/noticia\/wp-json\/wp\/v2\/types\/post"}],"author":[{"embeddable":true,"href":"https:\/\/www.redenoticia.com.br\/noticia\/wp-json\/wp\/v2\/users\/2"}],"replies":[{"embeddable":true,"href":"https:\/\/www.redenoticia.com.br\/noticia\/wp-json\/wp\/v2\/comments?post=73659"}],"version-history":[{"count":0,"href":"https:\/\/www.redenoticia.com.br\/noticia\/wp-json\/wp\/v2\/posts\/73659\/revisions"}],"wp:featuredmedia":[{"embeddable":true,"href":"https:\/\/www.redenoticia.com.br\/noticia\/wp-json\/wp\/v2\/media\/57585"}],"wp:attachment":[{"href":"https:\/\/www.redenoticia.com.br\/noticia\/wp-json\/wp\/v2\/media?parent=73659"}],"wp:term":[{"taxonomy":"category","embeddable":true,"href":"https:\/\/www.redenoticia.com.br\/noticia\/wp-json\/wp\/v2\/categories?post=73659"},{"taxonomy":"post_tag","embeddable":true,"href":"https:\/\/www.redenoticia.com.br\/noticia\/wp-json\/wp\/v2\/tags?post=73659"}],"curies":[{"name":"wp","href":"https:\/\/api.w.org\/{rel}","templated":true}]}}