{"id":73623,"date":"2015-08-05T15:47:11","date_gmt":"2015-08-05T18:47:11","guid":{"rendered":"http:\/\/www.redenoticia.com.br\/noticia\/?p=73623"},"modified":"2015-08-05T15:47:11","modified_gmt":"2015-08-05T18:47:11","slug":"precos-de-produtos-primarios-tem-alta-de-277-em-julho","status":"publish","type":"post","link":"https:\/\/www.redenoticia.com.br\/noticia\/2015\/precos-de-produtos-primarios-tem-alta-de-277-em-julho\/73623","title":{"rendered":"Pre\u00e7os de produtos prim\u00e1rios t\u00eam alta de 2,77% em julho"},"content":{"rendered":"<p> Os <strong><em>pre\u00e7os das commodities<\/em><\/strong>, produtos prim\u00e1rios com cota\u00e7\u00e3o internacional, tiveram alta de 2,77%, em julho, na compara\u00e7\u00e3o com o m\u00eas anterior. \u00c9 o que mostra o \u00cdndice de Commodities Brasil (IC-Br), calculado mensalmente pelo Banco Central (BC). Em 12 meses encerrados em julho, o \u00edndice apresentou alta de 15,93%.<\/p>\n<p>O IC-Br \u00e9 calculado com base na varia\u00e7\u00e3o em reais dos pre\u00e7os de produtos prim\u00e1rios brasileiros negociados no exterior. O BC observa os produtos que s\u00e3o relevantes para a din\u00e2mica dos pre\u00e7os ao consumidor no Brasil.<\/p>\n<p>No m\u00eas passado, o segmento agropecu\u00e1rio (carne de boi, algod\u00e3o, \u00f3leo de soja, trigo, a\u00e7\u00facar, milho, caf\u00e9, arroz e carne de porco) teve aumento de 4,73%. As commodities do segmento de energia (petr\u00f3leo, g\u00e1s natural e carv\u00e3o) apresentaram queda de 3,91% . No caso de metais (alum\u00ednio, min\u00e9rio de ferro, cobre, estanho, zinco, chumbo e n\u00edquel), houve recuo de 0,90%.<\/p>\n<p>O \u00edndice internacional de pre\u00e7os de commodities (CRB), calculado pelo Commodity Research Bureau, registrou alta de 1,58 %, em julho, e de 22,79%, em 12 meses.<\/p>\n<p>Kelly Oliveira \u2013 Rep\u00f3rter da Ag\u00eancia Brasil<br \/>\nEdi\u00e7\u00e3o: Juliana Andrade<\/p>\n","protected":false},"excerpt":{"rendered":"<p>Os pre\u00e7os das commodities, produtos prim\u00e1rios com cota\u00e7\u00e3o internacional, tiveram alta de 2,77%, em julho, na compara\u00e7\u00e3o com o m\u00eas anterior. \u00c9 o que mostra o \u00cdndice de Commodities Brasil (IC-Br), calculado mensalmente pelo Banco Central (BC). Em 12 meses encerrados em julho, o \u00edndice apresentou alta de 15,93%. O IC-Br \u00e9 calculado com base [&hellip;]<\/p>\n","protected":false},"author":2,"featured_media":57583,"comment_status":"open","ping_status":"closed","sticky":false,"template":"","format":"standard","meta":{"_genesis_hide_title":false,"_genesis_hide_breadcrumbs":false,"_genesis_hide_singular_image":false,"_genesis_hide_footer_widgets":false,"_genesis_custom_body_class":"","_genesis_custom_post_class":"","_genesis_layout":"","_jetpack_memberships_contains_paid_content":false,"footnotes":""},"categories":[22,7],"tags":[],"class_list":{"0":"post-73623","1":"post","2":"type-post","3":"status-publish","4":"format-standard","5":"has-post-thumbnail","7":"category-brasil","8":"category-economia","9":"entry","10":"gs-1","11":"gs-odd","12":"gs-even","13":"gs-featured-content-entry"},"jetpack_featured_media_url":"https:\/\/www.redenoticia.com.br\/noticia\/imagens\/economia-grafico.jpg","jetpack_sharing_enabled":true,"jetpack_likes_enabled":true,"_links":{"self":[{"href":"https:\/\/www.redenoticia.com.br\/noticia\/wp-json\/wp\/v2\/posts\/73623","targetHints":{"allow":["GET"]}}],"collection":[{"href":"https:\/\/www.redenoticia.com.br\/noticia\/wp-json\/wp\/v2\/posts"}],"about":[{"href":"https:\/\/www.redenoticia.com.br\/noticia\/wp-json\/wp\/v2\/types\/post"}],"author":[{"embeddable":true,"href":"https:\/\/www.redenoticia.com.br\/noticia\/wp-json\/wp\/v2\/users\/2"}],"replies":[{"embeddable":true,"href":"https:\/\/www.redenoticia.com.br\/noticia\/wp-json\/wp\/v2\/comments?post=73623"}],"version-history":[{"count":0,"href":"https:\/\/www.redenoticia.com.br\/noticia\/wp-json\/wp\/v2\/posts\/73623\/revisions"}],"wp:featuredmedia":[{"embeddable":true,"href":"https:\/\/www.redenoticia.com.br\/noticia\/wp-json\/wp\/v2\/media\/57583"}],"wp:attachment":[{"href":"https:\/\/www.redenoticia.com.br\/noticia\/wp-json\/wp\/v2\/media?parent=73623"}],"wp:term":[{"taxonomy":"category","embeddable":true,"href":"https:\/\/www.redenoticia.com.br\/noticia\/wp-json\/wp\/v2\/categories?post=73623"},{"taxonomy":"post_tag","embeddable":true,"href":"https:\/\/www.redenoticia.com.br\/noticia\/wp-json\/wp\/v2\/tags?post=73623"}],"curies":[{"name":"wp","href":"https:\/\/api.w.org\/{rel}","templated":true}]}}