{"id":73621,"date":"2015-08-05T15:45:40","date_gmt":"2015-08-05T18:45:40","guid":{"rendered":"http:\/\/www.redenoticia.com.br\/noticia\/?p=73621"},"modified":"2015-08-05T15:45:40","modified_gmt":"2015-08-05T18:45:40","slug":"receita-divulga-prazo-para-contribuintes-consolidarem-parcelas-do-refis-da-crise","status":"publish","type":"post","link":"https:\/\/www.redenoticia.com.br\/noticia\/2015\/receita-divulga-prazo-para-contribuintes-consolidarem-parcelas-do-refis-da-crise\/73621","title":{"rendered":"Receita divulga prazo para contribuintes consolidarem parcelas do Refis da Crise"},"content":{"rendered":"<p> A partir do pr\u00f3ximo m\u00eas, os contribuintes que aderiram \u00e0 terceira e quarta reabertura do Programa Especial de <strong><em>Parcelamento de D\u00edvidas com a Uni\u00e3o<\/em><\/strong> poder\u00e3o definir os valores finais das parcelas. A Receita Federal divulgou o calend\u00e1rio de consolida\u00e7\u00e3o das parcelas do Refis da Crise, que renegocia d\u00edvidas com desconto nas multas e nos juros.<\/p>\n<p>De 8 a 25 de setembro, as m\u00e9dias e grandes empresas poder\u00e3o fazer a consolida\u00e7\u00e3o. De 5 a 23 de outubro, ser\u00e1 a vez das pessoas f\u00edsicas e das micro e pequenas empresas que fazem parte do Simples Nacional. Segundo a Receita, 103,6 mil pessoas f\u00edsicas e 223,3 mil empresas aderiram \u00e0s reaberturas do Refis da Crise.<\/p>\n<p> A consolida\u00e7\u00e3o \u00e9 a etapa em que o contribuinte declara as d\u00edvidas que deseja renegociar e define prazo e valor das parcelas, em conjunto com a Receita Federal (caso de d\u00edvidas tribut\u00e1rias) e com a Procuradoria-Geral da Fazenda Nacional (caso de contribuintes inscritos na d\u00edvida ativa). At\u00e9 agora, os devedores pagaram o equivalente a uma parcela por m\u00eas, mas o valor era calculado pelo pr\u00f3prio contribuinte.<\/p>\n<p>Iniciado em 2009, o Refis da Crise renegocia d\u00edvidas com a Receita e com a procuradoria em at\u00e9 180 meses (15 anos), com desconto nas multas e nos juros. Na primeira e na segunda etapas, foram parceladas d\u00edvidas vencidas at\u00e9 31 de dezembro de 2008. Na terceira e na quarta, executadas no ano passado, entraram d\u00e9bitos vencidos at\u00e9 31 de dezembro de 2013.<\/p>\n<p>Institu\u00edda pela Lei 12.996, a terceira etapa do Refis teve o prazo de ades\u00e3o at\u00e9 31 de maio do ano passado e ficou conhecida como Refis da Copa. A quarta etapa teve o prazo de op\u00e7\u00e3o at\u00e9 30 de novembro de 2014.<\/p>\n<p>A portaria conjunta que instituiu os prazos de entrega foi publicada no Di\u00e1rio Oficial da Uni\u00e3o.<\/p>\n<p>Wellton M\u00e1ximo \u2013 Rep\u00f3rter da Ag\u00eancia Brasil<br \/>\nEdi\u00e7\u00e3o: Armando Cardoso<\/p>\n","protected":false},"excerpt":{"rendered":"<p>A partir do pr\u00f3ximo m\u00eas, os contribuintes que aderiram \u00e0 terceira e quarta reabertura do Programa Especial de Parcelamento de D\u00edvidas com a Uni\u00e3o poder\u00e3o definir os valores finais das parcelas. A Receita Federal divulgou o calend\u00e1rio de consolida\u00e7\u00e3o das parcelas do Refis da Crise, que renegocia d\u00edvidas com desconto nas multas e nos juros. [&hellip;]<\/p>\n","protected":false},"author":2,"featured_media":57584,"comment_status":"open","ping_status":"closed","sticky":false,"template":"","format":"standard","meta":{"_genesis_hide_title":false,"_genesis_hide_breadcrumbs":false,"_genesis_hide_singular_image":false,"_genesis_hide_footer_widgets":false,"_genesis_custom_body_class":"","_genesis_custom_post_class":"","_genesis_layout":"","_jetpack_memberships_contains_paid_content":false,"footnotes":""},"categories":[22],"tags":[],"class_list":{"0":"post-73621","1":"post","2":"type-post","3":"status-publish","4":"format-standard","5":"has-post-thumbnail","7":"category-brasil","8":"entry","9":"gs-1","10":"gs-odd","11":"gs-even","12":"gs-featured-content-entry"},"jetpack_featured_media_url":"https:\/\/www.redenoticia.com.br\/noticia\/imagens\/economia-grafica-analise-inflacao.jpg","jetpack_sharing_enabled":true,"jetpack_likes_enabled":true,"_links":{"self":[{"href":"https:\/\/www.redenoticia.com.br\/noticia\/wp-json\/wp\/v2\/posts\/73621","targetHints":{"allow":["GET"]}}],"collection":[{"href":"https:\/\/www.redenoticia.com.br\/noticia\/wp-json\/wp\/v2\/posts"}],"about":[{"href":"https:\/\/www.redenoticia.com.br\/noticia\/wp-json\/wp\/v2\/types\/post"}],"author":[{"embeddable":true,"href":"https:\/\/www.redenoticia.com.br\/noticia\/wp-json\/wp\/v2\/users\/2"}],"replies":[{"embeddable":true,"href":"https:\/\/www.redenoticia.com.br\/noticia\/wp-json\/wp\/v2\/comments?post=73621"}],"version-history":[{"count":0,"href":"https:\/\/www.redenoticia.com.br\/noticia\/wp-json\/wp\/v2\/posts\/73621\/revisions"}],"wp:featuredmedia":[{"embeddable":true,"href":"https:\/\/www.redenoticia.com.br\/noticia\/wp-json\/wp\/v2\/media\/57584"}],"wp:attachment":[{"href":"https:\/\/www.redenoticia.com.br\/noticia\/wp-json\/wp\/v2\/media?parent=73621"}],"wp:term":[{"taxonomy":"category","embeddable":true,"href":"https:\/\/www.redenoticia.com.br\/noticia\/wp-json\/wp\/v2\/categories?post=73621"},{"taxonomy":"post_tag","embeddable":true,"href":"https:\/\/www.redenoticia.com.br\/noticia\/wp-json\/wp\/v2\/tags?post=73621"}],"curies":[{"name":"wp","href":"https:\/\/api.w.org\/{rel}","templated":true}]}}