{"id":73611,"date":"2015-08-05T15:32:31","date_gmt":"2015-08-05T18:32:31","guid":{"rendered":"http:\/\/www.redenoticia.com.br\/noticia\/?p=73611"},"modified":"2015-08-05T15:32:31","modified_gmt":"2015-08-05T18:32:31","slug":"dia-dos-pais-pesquisa-do-procon-sp-mostra-diferenca-de-ate-130-no-mesmo-produto","status":"publish","type":"post","link":"https:\/\/www.redenoticia.com.br\/noticia\/2015\/dia-dos-pais-pesquisa-do-procon-sp-mostra-diferenca-de-ate-130-no-mesmo-produto\/73611","title":{"rendered":"Dia dos Pais: Pesquisa do Procon-SP mostra diferen\u00e7a de at\u00e9 130% no mesmo produto"},"content":{"rendered":"<p> Com a chegada do m\u00eas de agosto, as lojas j\u00e1 come\u00e7am a vendar os <strong><em>presentes para o Dia dos Pais<\/em><\/strong>, comemorado no segundo domingo do m\u00eas. Por conta disso, a Funda\u00e7\u00e3o Procon-SP, fez uma pesquisa e constatou uma grande varia\u00e7\u00e3o de pre\u00e7os entre os itens procurados para a data. <\/p>\n<p>O levantamento foi realizado entre os dias 20 e 21 de julho, em 10 estabelecimentos da capital. Foram pesquisados 55 itens entre churrasqueira el\u00e9trica, grill, sanduicheira el\u00e9trica, barbeador, c\u00e2mera fotogr\u00e1fica digital, notebook e smartphone de diferentes fabricantes e modelos. <\/p>\n<p>A maior diferen\u00e7a foi encontrada no smartphone da LG modelo G2 D805, que custa R$ 1.499,00 em um estabelecimento e R$ 649,00 em outro. Diferen\u00e7a de R$ 850,00 em valor absoluto, ou seja 130%.<\/p>\n<p>O Procon-SP recomenda que, antes de comprar o presente, o consumidor fa\u00e7a uma pesquisa em lojas f\u00edsicas e virtuais, j\u00e1 que os pre\u00e7os e os modelos oferecidos podem variar bastante de um estabelecimento para o outro. Al\u00e9m dos pre\u00e7os e modelos, tamb\u00e9m devem ser comparados e avaliados as formas de pagamento, descontos, juros no caso de parcelamento e eventual cobran\u00e7a de frete.<\/p>\n<p>\u00c9 importante saber que todo eletroeletr\u00f4nico tem garantia legal, determinada pelo C\u00f3digo de Defesa do Consumidor, de 90 dias. Caso seja oferecida garantia contratual (al\u00e9m da legal), o produto deve ser entregue com um termo, no qual constem todas as condi\u00e7\u00f5es, prazo e cobertura.<\/p>\n<p>Do Portal do Governo do Estado<\/p>\n","protected":false},"excerpt":{"rendered":"<p>Com a chegada do m\u00eas de agosto, as lojas j\u00e1 come\u00e7am a vendar os presentes para o Dia dos Pais, comemorado no segundo domingo do m\u00eas. Por conta disso, a Funda\u00e7\u00e3o Procon-SP, fez uma pesquisa e constatou uma grande varia\u00e7\u00e3o de pre\u00e7os entre os itens procurados para a data. O levantamento foi realizado entre os [&hellip;]<\/p>\n","protected":false},"author":2,"featured_media":34966,"comment_status":"open","ping_status":"closed","sticky":false,"template":"","format":"standard","meta":{"_genesis_hide_title":false,"_genesis_hide_breadcrumbs":false,"_genesis_hide_singular_image":false,"_genesis_hide_footer_widgets":false,"_genesis_custom_body_class":"","_genesis_custom_post_class":"","_genesis_layout":"","_jetpack_memberships_contains_paid_content":false,"footnotes":""},"categories":[22],"tags":[],"class_list":{"0":"post-73611","1":"post","2":"type-post","3":"status-publish","4":"format-standard","5":"has-post-thumbnail","7":"category-brasil","8":"entry","9":"gs-1","10":"gs-odd","11":"gs-even","12":"gs-featured-content-entry"},"jetpack_featured_media_url":"https:\/\/www.redenoticia.com.br\/noticia\/imagens\/fim-da-sacola-plastica.jpg","jetpack_sharing_enabled":true,"jetpack_likes_enabled":true,"_links":{"self":[{"href":"https:\/\/www.redenoticia.com.br\/noticia\/wp-json\/wp\/v2\/posts\/73611","targetHints":{"allow":["GET"]}}],"collection":[{"href":"https:\/\/www.redenoticia.com.br\/noticia\/wp-json\/wp\/v2\/posts"}],"about":[{"href":"https:\/\/www.redenoticia.com.br\/noticia\/wp-json\/wp\/v2\/types\/post"}],"author":[{"embeddable":true,"href":"https:\/\/www.redenoticia.com.br\/noticia\/wp-json\/wp\/v2\/users\/2"}],"replies":[{"embeddable":true,"href":"https:\/\/www.redenoticia.com.br\/noticia\/wp-json\/wp\/v2\/comments?post=73611"}],"version-history":[{"count":0,"href":"https:\/\/www.redenoticia.com.br\/noticia\/wp-json\/wp\/v2\/posts\/73611\/revisions"}],"wp:featuredmedia":[{"embeddable":true,"href":"https:\/\/www.redenoticia.com.br\/noticia\/wp-json\/wp\/v2\/media\/34966"}],"wp:attachment":[{"href":"https:\/\/www.redenoticia.com.br\/noticia\/wp-json\/wp\/v2\/media?parent=73611"}],"wp:term":[{"taxonomy":"category","embeddable":true,"href":"https:\/\/www.redenoticia.com.br\/noticia\/wp-json\/wp\/v2\/categories?post=73611"},{"taxonomy":"post_tag","embeddable":true,"href":"https:\/\/www.redenoticia.com.br\/noticia\/wp-json\/wp\/v2\/tags?post=73611"}],"curies":[{"name":"wp","href":"https:\/\/api.w.org\/{rel}","templated":true}]}}