{"id":73553,"date":"2015-08-04T14:44:11","date_gmt":"2015-08-04T17:44:11","guid":{"rendered":"http:\/\/www.redenoticia.com.br\/noticia\/?p=73553"},"modified":"2015-08-04T14:44:11","modified_gmt":"2015-08-04T17:44:11","slug":"faturamento-da-industria-cai-55-em-junho-diz-cni","status":"publish","type":"post","link":"https:\/\/www.redenoticia.com.br\/noticia\/2015\/faturamento-da-industria-cai-55-em-junho-diz-cni\/73553","title":{"rendered":"Faturamento da ind\u00fastria cai 5,5% em junho, diz CNI"},"content":{"rendered":"<p> O <strong><em>faturamento da ind\u00fastria<\/em><\/strong> em junho caiu 5,5% em rela\u00e7\u00e3o a maio, de acordo com dados ajustados para o per\u00edodo, divulgados pela Confedera\u00e7\u00e3o Nacional da Ind\u00fastria (CNI). Dados ajustados para o per\u00edodo significam desconto referente ao aumento das vendas de produtos em feriados ou datas comemorativas.<\/p>\n<p>No segundo trimestre, comparado ao primeiro, a queda foi 6,7%. O emprego na ind\u00fastria tamb\u00e9m apresentou retra\u00e7\u00e3o, de 0,7%, em junho, e de 2,6%, no segundo trimestre. As horas trabalhadas na produ\u00e7\u00e3o diminu\u00edram 1,1% em junho e 2,9%, no trimestre.<\/p>\n<p>A ind\u00fastria operou, em m\u00e9dia, com 80,1% da capacidade instalada em junho, resultado praticamente est\u00e1vel em rela\u00e7\u00e3o a maio (80%).<\/p>\n<p>Ap\u00f3s tr\u00eas meses seguidos de queda, a massa salarial real voltou a crescer em junho, com alta de 0,8% em rela\u00e7\u00e3o a maio. J\u00e1 no segundo trimestre, houve queda de 3,4% na compara\u00e7\u00e3o com o per\u00edodo anterior.<\/p>\n<p>No m\u00eas, o rendimento m\u00e9dio real tamb\u00e9m interrompeu a trajet\u00f3ria de queda, com crescimento de 1,3%. Mas, no trimestre, houve queda de 0,9%.<\/p>\n<p>Segundo o gerente executivo da Unidade de Pol\u00edtica Econ\u00f4mica da CNI, Fl\u00e1vio Castelo Branco, esse aumento da massa salarial em junho se deve \u00e0 incorpora\u00e7\u00e3o de indeniza\u00e7\u00f5es pagas a trabalhadores demitidos. \u201cNa medida em que as empresas demitem, t\u00eam que arcar com pagamentos relativos a dispensas. Isso termina no aumento da massa salarial. Mas \u00e9 um aumento tempor\u00e1rio\u201d, disse.<\/p>\n<p>Para Castelo Branco, os dados divulgados hoje indicam que o \u201cquadro recessivo do setor industrial se intensificou no segundo trimestre\u201d. Segundo o economista, a infla\u00e7\u00e3o, que reduz o poder de compra da popula\u00e7\u00e3o, e a queda da confian\u00e7a de empres\u00e1rios e consumidores s\u00e3o fatores que levam \u00e0 recess\u00e3o. Ele acrescentou ainda, entre esses fatores, as medidas de ajuste na economia, como a alta da taxa b\u00e1sica de juros, a Selic \u2013 o que encarece os empr\u00e9stimos \u2013, o aumento de tributos e a redu\u00e7\u00e3o de desonera\u00e7\u00f5es, al\u00e9m do corte de gastos. O gerente executivo considera, no entanto, que as medidas de ajuste fiscal s\u00e3o necess\u00e1rias.<\/p>\n<p>Nesse cen\u00e1rio, Castelo Branco ressaltou que \u00e9 preciso melhorar a competitividade da ind\u00fastria. \u201cTem que ter uma agenda voltada para a recupera\u00e7\u00e3o da produtividade da economia brasileira\u201d. Segundo ele, as empresas est\u00e3o tentando reduzir custos para melhorar a produtividade. O economista acrescentou que tamb\u00e9m \u00e9 preciso recuperar a confian\u00e7a dos empres\u00e1rios, com medidas do governo para reduzir a burocracia e evitar incertezas na economia.<\/p>\n<p>Kelly Oliveira \u2013 Rep\u00f3rter da Ag\u00eancia Brasil<br \/>\nEdi\u00e7\u00e3o: Jos\u00e9 Romildo<\/p>\n","protected":false},"excerpt":{"rendered":"<p>O faturamento da ind\u00fastria em junho caiu 5,5% em rela\u00e7\u00e3o a maio, de acordo com dados ajustados para o per\u00edodo, divulgados pela Confedera\u00e7\u00e3o Nacional da Ind\u00fastria (CNI). Dados ajustados para o per\u00edodo significam desconto referente ao aumento das vendas de produtos em feriados ou datas comemorativas. No segundo trimestre, comparado ao primeiro, a queda foi [&hellip;]<\/p>\n","protected":false},"author":2,"featured_media":38938,"comment_status":"open","ping_status":"closed","sticky":false,"template":"","format":"standard","meta":{"_genesis_hide_title":false,"_genesis_hide_breadcrumbs":false,"_genesis_hide_singular_image":false,"_genesis_hide_footer_widgets":false,"_genesis_custom_body_class":"","_genesis_custom_post_class":"","_genesis_layout":"","_jetpack_memberships_contains_paid_content":false,"footnotes":""},"categories":[22,7],"tags":[],"class_list":{"0":"post-73553","1":"post","2":"type-post","3":"status-publish","4":"format-standard","5":"has-post-thumbnail","7":"category-brasil","8":"category-economia","9":"entry","10":"gs-1","11":"gs-odd","12":"gs-even","13":"gs-featured-content-entry"},"jetpack_featured_media_url":"https:\/\/www.redenoticia.com.br\/noticia\/imagens\/economia1.jpg","jetpack_sharing_enabled":true,"jetpack_likes_enabled":true,"_links":{"self":[{"href":"https:\/\/www.redenoticia.com.br\/noticia\/wp-json\/wp\/v2\/posts\/73553","targetHints":{"allow":["GET"]}}],"collection":[{"href":"https:\/\/www.redenoticia.com.br\/noticia\/wp-json\/wp\/v2\/posts"}],"about":[{"href":"https:\/\/www.redenoticia.com.br\/noticia\/wp-json\/wp\/v2\/types\/post"}],"author":[{"embeddable":true,"href":"https:\/\/www.redenoticia.com.br\/noticia\/wp-json\/wp\/v2\/users\/2"}],"replies":[{"embeddable":true,"href":"https:\/\/www.redenoticia.com.br\/noticia\/wp-json\/wp\/v2\/comments?post=73553"}],"version-history":[{"count":0,"href":"https:\/\/www.redenoticia.com.br\/noticia\/wp-json\/wp\/v2\/posts\/73553\/revisions"}],"wp:featuredmedia":[{"embeddable":true,"href":"https:\/\/www.redenoticia.com.br\/noticia\/wp-json\/wp\/v2\/media\/38938"}],"wp:attachment":[{"href":"https:\/\/www.redenoticia.com.br\/noticia\/wp-json\/wp\/v2\/media?parent=73553"}],"wp:term":[{"taxonomy":"category","embeddable":true,"href":"https:\/\/www.redenoticia.com.br\/noticia\/wp-json\/wp\/v2\/categories?post=73553"},{"taxonomy":"post_tag","embeddable":true,"href":"https:\/\/www.redenoticia.com.br\/noticia\/wp-json\/wp\/v2\/tags?post=73553"}],"curies":[{"name":"wp","href":"https:\/\/api.w.org\/{rel}","templated":true}]}}