{"id":73551,"date":"2015-08-04T14:40:13","date_gmt":"2015-08-04T17:40:13","guid":{"rendered":"http:\/\/www.redenoticia.com.br\/noticia\/?p=73551"},"modified":"2015-08-04T14:40:13","modified_gmt":"2015-08-04T17:40:13","slug":"inflacao-na-cidade-de-sao-paulo-fecha-julho-em-085","status":"publish","type":"post","link":"https:\/\/www.redenoticia.com.br\/noticia\/2015\/inflacao-na-cidade-de-sao-paulo-fecha-julho-em-085\/73551","title":{"rendered":"Infla\u00e7\u00e3o na cidade de S\u00e3o Paulo fecha julho em 0,85%"},"content":{"rendered":"<p> A <strong><em>infla\u00e7\u00e3o<\/em><\/strong> na cidade de S\u00e3o Paulo, medida pelo \u00cdndice de Pre\u00e7os ao Consumidor (IPC) da Funda\u00e7\u00e3o Instituto de Pesquisas Econ\u00f4micas (Fipe), teve alta em julho, ficando em 0,85%. Em junho, o \u00edndice foi 0,47%.<\/p>\n<p> A acelera\u00e7\u00e3o foi puxada pelo aumento dos pre\u00e7os relacionados \u00e0 sa\u00fade (1,67%) e habita\u00e7\u00e3o (1,33%). Em junho, os itens tinham registrado alta de 0,42% e 0,61%, respectivamente.<\/p>\n<p>Tamb\u00e9m tiveram aumento em julho, em compara\u00e7\u00e3o com junho, os gastos com alimenta\u00e7\u00e3o (de 0,58% para 0,77%), com transportes (de 0,04% para 0,17%) e educa\u00e7\u00e3o (de 0,02 para 0,14%).<\/p>\n<p>As despesas com vestu\u00e1rio registraram recuo de 0,18% em julho. Em Junho, houve aumento de 0,04%.<\/p>\n<p>Daniel Mello &#8211; Rep\u00f3rter da Ag\u00eancia Brasil<br \/>\nEdi\u00e7\u00e3o: Gra\u00e7a Adjuto<\/p>\n<p>&#8212;<br \/>\nIPC-S<\/p>\n<p>A infla\u00e7\u00e3o medida pelo \u00cdndice de Pre\u00e7os ao Consumidor Semanal (IPC-S) desacelerou e fechou o m\u00eas de julho com varia\u00e7\u00e3o de 0,53%. O resultado \u00e9 0,08 ponto percentual abaixo da taxa divulgada na semana anterior (0,61%). Em cinco das sete capitais pesquisadas pela Funda\u00e7\u00e3o Getulio Vargas (FGV), a infla\u00e7\u00e3o semanal perdeu ritmo.<\/p>\n<p>Em Salvador, Belo Horizone, Porto Alegre, S\u00e3o Paulo e no Recife os \u00edndices registrados na \u00faltima semana de julho foram inferiores aos da pen\u00faltima semana. No Rio de Janeiro, o \u00edndice se manteve est\u00e1vel nas duas apura\u00e7\u00f5es, em 0,24%. Bras\u00edlia foi a \u00fanica capital pesquisada que registrou alta do IPC-S de 0,04 ponto percentual (de 0,5% para 0,54%).<\/p>\n<p>Segundo os dados divulgados pela FGV, apesar da leve queda de 0,03 ponto percentual, S\u00e3o Paulo segue como a capital com maior IPC-S. O \u00edndice variou de 0,93% para 0,90, influenciado pela desacelera\u00e7\u00e3o de seis das oito classes de despesa que comp\u00f5em o \u00edndice: Comunica\u00e7\u00e3o (de 1,25% para 0,70%), Vestu\u00e1rio (de -0,06% para -0,46%), Transportes (de 0,07% para -0,25%), Educa\u00e7\u00e3o, Leitura e Recrea\u00e7\u00e3o (de 0,00% para -0,08%), Alimenta\u00e7\u00e3o (de 0,73% para 0,66%) e Sa\u00fade e Cuidados Pessoais (de 0,48% para 0,45%).<\/p>\n<p>Salvador foi a capital com maior desacelera\u00e7\u00e3o do IPC-S. O \u00edndice caiu 0,33 ponto percentual passando de 0,57% na terceira semana de julho para 0,24% na \u00faltima. Na capital baiana, o resultado foi influenciado por cinco das oito classes de despesa avaliadas, entre as quais se destacam os grupos: Vestu\u00e1rio e tamb\u00e9m Habita\u00e7\u00e3o, cujas taxas passaram de 0,34% para -0,29%, e de 0,12% para -0,42%, respectivamente.<\/p>\n<p>O Rio de Janeiro manteve a estabilidade do \u00edndice e registrou a menor taxa de IPC-S (0,24%). Tr\u00eas das oito classes de despesa apresentaram acelera\u00e7\u00e3o enquanto cinco desaceleraram. Alimenta\u00e7\u00e3o foi o grupo com maior alta (de 0,33% para 0,47%) e Vestu\u00e1rio, o grupo que mais desacelerou (de -0,06% para -0,35%).<\/p>\n<p>Em Bras\u00edlia, a alta da infla\u00e7\u00e3o semanal foi influenciada por quatro das oito classes de despesa avaliadas. Os destaques s\u00e3o os grupos Educa\u00e7\u00e3o, Leitura e Recrea\u00e7\u00e3o (de -1,70% para -1,35%) e Sa\u00fade e Cuidados Pessoais (de 0,73% para 0,92%).<\/p>\n<p>Nielmar de Oliveira \u2013 Rep\u00f3rter da Ag\u00eancia Brasil<br \/>\nEdi\u00e7\u00e3o: Denise Griesinger<\/p>\n","protected":false},"excerpt":{"rendered":"<p>A infla\u00e7\u00e3o na cidade de S\u00e3o Paulo, medida pelo \u00cdndice de Pre\u00e7os ao Consumidor (IPC) da Funda\u00e7\u00e3o Instituto de Pesquisas Econ\u00f4micas (Fipe), teve alta em julho, ficando em 0,85%. Em junho, o \u00edndice foi 0,47%. A acelera\u00e7\u00e3o foi puxada pelo aumento dos pre\u00e7os relacionados \u00e0 sa\u00fade (1,67%) e habita\u00e7\u00e3o (1,33%). Em junho, os itens tinham [&hellip;]<\/p>\n","protected":false},"author":2,"featured_media":34916,"comment_status":"open","ping_status":"closed","sticky":false,"template":"","format":"standard","meta":{"_genesis_hide_title":false,"_genesis_hide_breadcrumbs":false,"_genesis_hide_singular_image":false,"_genesis_hide_footer_widgets":false,"_genesis_custom_body_class":"","_genesis_custom_post_class":"","_genesis_layout":"","_jetpack_memberships_contains_paid_content":false,"footnotes":""},"categories":[22,7],"tags":[],"class_list":{"0":"post-73551","1":"post","2":"type-post","3":"status-publish","4":"format-standard","5":"has-post-thumbnail","7":"category-brasil","8":"category-economia","9":"entry","10":"gs-1","11":"gs-odd","12":"gs-even","13":"gs-featured-content-entry"},"jetpack_featured_media_url":"https:\/\/www.redenoticia.com.br\/noticia\/imagens\/inflacao.jpg","jetpack_sharing_enabled":true,"jetpack_likes_enabled":true,"_links":{"self":[{"href":"https:\/\/www.redenoticia.com.br\/noticia\/wp-json\/wp\/v2\/posts\/73551","targetHints":{"allow":["GET"]}}],"collection":[{"href":"https:\/\/www.redenoticia.com.br\/noticia\/wp-json\/wp\/v2\/posts"}],"about":[{"href":"https:\/\/www.redenoticia.com.br\/noticia\/wp-json\/wp\/v2\/types\/post"}],"author":[{"embeddable":true,"href":"https:\/\/www.redenoticia.com.br\/noticia\/wp-json\/wp\/v2\/users\/2"}],"replies":[{"embeddable":true,"href":"https:\/\/www.redenoticia.com.br\/noticia\/wp-json\/wp\/v2\/comments?post=73551"}],"version-history":[{"count":0,"href":"https:\/\/www.redenoticia.com.br\/noticia\/wp-json\/wp\/v2\/posts\/73551\/revisions"}],"wp:featuredmedia":[{"embeddable":true,"href":"https:\/\/www.redenoticia.com.br\/noticia\/wp-json\/wp\/v2\/media\/34916"}],"wp:attachment":[{"href":"https:\/\/www.redenoticia.com.br\/noticia\/wp-json\/wp\/v2\/media?parent=73551"}],"wp:term":[{"taxonomy":"category","embeddable":true,"href":"https:\/\/www.redenoticia.com.br\/noticia\/wp-json\/wp\/v2\/categories?post=73551"},{"taxonomy":"post_tag","embeddable":true,"href":"https:\/\/www.redenoticia.com.br\/noticia\/wp-json\/wp\/v2\/tags?post=73551"}],"curies":[{"name":"wp","href":"https:\/\/api.w.org\/{rel}","templated":true}]}}