{"id":73549,"date":"2015-08-04T14:36:58","date_gmt":"2015-08-04T17:36:58","guid":{"rendered":"http:\/\/www.redenoticia.com.br\/noticia\/?p=73549"},"modified":"2015-08-04T14:36:58","modified_gmt":"2015-08-04T17:36:58","slug":"ibge-producao-industrial-fecha-primeiro-semestre-com-queda-de-63","status":"publish","type":"post","link":"https:\/\/www.redenoticia.com.br\/noticia\/2015\/ibge-producao-industrial-fecha-primeiro-semestre-com-queda-de-63\/73549","title":{"rendered":"IBGE: produ\u00e7\u00e3o industrial fecha primeiro semestre com queda de 6,3%"},"content":{"rendered":"<p> A <strong><em>produ\u00e7\u00e3o industrial<\/em><\/strong> brasileira fechou o primeiro semestre do ano com queda acumulada de 6,3%, informou o Instituto Brasileiro de Geografia e Estat\u00edstica (IBGE). Em junho deste ano, a taxa anualizada (indicador acumulado nos \u00faltimos 12 meses) registrou recuo de 5%.<\/p>\n<p>Segundo o IBGE, considerando apenas a varia\u00e7\u00e3o mensal, a produ\u00e7\u00e3o industrial nacional \u2013 em junho \u2013 mostrou redu\u00e7\u00e3o de 0,3% em compara\u00e7\u00e3o ao m\u00eas imediatamente anterior, ap\u00f3s acr\u00e9scimo de 0,6% em maio desta ano. Esse dado inclui o ajuste sazonal, que \u00e9 o desconto referente ao aumento das vendas de produtos em feriados ou datas comemorativas.<\/p>\n<p>Os dados sem o ajuste sazonal mostram que, no confronto com igual m\u00eas do ano anterior, a produ\u00e7\u00e3o da ind\u00fastria apontou queda de 3,2% em junho de 2015, 16\u00aa taxa negativa consecutiva. Apesar de significativa, essa queda \u00e9 menos acentuada do que a observadas em abril, quando houve decl\u00ednio de 7,9% na produ\u00e7\u00e3o industrial. Em maio, a queda da produ\u00e7\u00e3o industrial correspondeu a 8,9%.<\/p>\n<p>Nielmar de Oliveira &#8211; Rep\u00f3rter da Ag\u00eancia Brasil<br \/>\nEdi\u00e7\u00e3o: Jos\u00e9 Romildo<\/p>\n","protected":false},"excerpt":{"rendered":"<p>A produ\u00e7\u00e3o industrial brasileira fechou o primeiro semestre do ano com queda acumulada de 6,3%, informou o Instituto Brasileiro de Geografia e Estat\u00edstica (IBGE). Em junho deste ano, a taxa anualizada (indicador acumulado nos \u00faltimos 12 meses) registrou recuo de 5%. Segundo o IBGE, considerando apenas a varia\u00e7\u00e3o mensal, a produ\u00e7\u00e3o industrial nacional \u2013 em [&hellip;]<\/p>\n","protected":false},"author":2,"featured_media":57583,"comment_status":"open","ping_status":"closed","sticky":false,"template":"","format":"standard","meta":{"_genesis_hide_title":false,"_genesis_hide_breadcrumbs":false,"_genesis_hide_singular_image":false,"_genesis_hide_footer_widgets":false,"_genesis_custom_body_class":"","_genesis_custom_post_class":"","_genesis_layout":"","_jetpack_memberships_contains_paid_content":false,"footnotes":""},"categories":[22,7],"tags":[],"class_list":{"0":"post-73549","1":"post","2":"type-post","3":"status-publish","4":"format-standard","5":"has-post-thumbnail","7":"category-brasil","8":"category-economia","9":"entry","10":"gs-1","11":"gs-odd","12":"gs-even","13":"gs-featured-content-entry"},"jetpack_featured_media_url":"https:\/\/www.redenoticia.com.br\/noticia\/imagens\/economia-grafico.jpg","jetpack_sharing_enabled":true,"jetpack_likes_enabled":true,"_links":{"self":[{"href":"https:\/\/www.redenoticia.com.br\/noticia\/wp-json\/wp\/v2\/posts\/73549","targetHints":{"allow":["GET"]}}],"collection":[{"href":"https:\/\/www.redenoticia.com.br\/noticia\/wp-json\/wp\/v2\/posts"}],"about":[{"href":"https:\/\/www.redenoticia.com.br\/noticia\/wp-json\/wp\/v2\/types\/post"}],"author":[{"embeddable":true,"href":"https:\/\/www.redenoticia.com.br\/noticia\/wp-json\/wp\/v2\/users\/2"}],"replies":[{"embeddable":true,"href":"https:\/\/www.redenoticia.com.br\/noticia\/wp-json\/wp\/v2\/comments?post=73549"}],"version-history":[{"count":0,"href":"https:\/\/www.redenoticia.com.br\/noticia\/wp-json\/wp\/v2\/posts\/73549\/revisions"}],"wp:featuredmedia":[{"embeddable":true,"href":"https:\/\/www.redenoticia.com.br\/noticia\/wp-json\/wp\/v2\/media\/57583"}],"wp:attachment":[{"href":"https:\/\/www.redenoticia.com.br\/noticia\/wp-json\/wp\/v2\/media?parent=73549"}],"wp:term":[{"taxonomy":"category","embeddable":true,"href":"https:\/\/www.redenoticia.com.br\/noticia\/wp-json\/wp\/v2\/categories?post=73549"},{"taxonomy":"post_tag","embeddable":true,"href":"https:\/\/www.redenoticia.com.br\/noticia\/wp-json\/wp\/v2\/tags?post=73549"}],"curies":[{"name":"wp","href":"https:\/\/api.w.org\/{rel}","templated":true}]}}