{"id":73547,"date":"2015-08-04T14:34:42","date_gmt":"2015-08-04T17:34:42","guid":{"rendered":"http:\/\/www.redenoticia.com.br\/noticia\/?p=73547"},"modified":"2015-08-04T14:34:42","modified_gmt":"2015-08-04T17:34:42","slug":"governo-culpa-queda-de-precos-externos-pela-perda-de-receitas-das-exportacoes","status":"publish","type":"post","link":"https:\/\/www.redenoticia.com.br\/noticia\/2015\/governo-culpa-queda-de-precos-externos-pela-perda-de-receitas-das-exportacoes\/73547","title":{"rendered":"Governo culpa queda de pre\u00e7os externos pela perda de receitas das exporta\u00e7\u00f5es"},"content":{"rendered":"<p> O diretor do Departamento de Estat\u00edstica e Apoio \u00e0s Exporta\u00e7\u00f5es do Minist\u00e9rio do Desenvolvimento, Ind\u00fastria e Com\u00e9rcio Exterior, Herlon Brand\u00e3o, defendeu o desempenho das exporta\u00e7\u00f5es brasileiras e disse que o principal motivo para a <strong><em>perda de receitas com as vendas externas<\/em><\/strong> \u00e9 a diminui\u00e7\u00e3o do pre\u00e7o das commodities (produtos b\u00e1sicos com cota\u00e7\u00e3o internacional).<\/p>\n<p>Apesar do super\u00e1vit de US$ 2,379 bilh\u00f5es da balan\u00e7a comercial em julho, o valor em vendas externas caiu 19,5% em rela\u00e7\u00e3o a julho de 2014, segundo o crit\u00e9rio da m\u00e9dia di\u00e1ria, que \u00e9 o volume negociado por dia \u00fatil. Nos sete primeiros meses deste ano, a queda foi de 15,5%, tamb\u00e9m pela m\u00e9dia di\u00e1ria. Mas, de acordo com Brand\u00e3o, considerando-se apenas a quantidade exportada, houve crescimento de 3,2% em julho ante igual m\u00eas do ano passado e de 7,2% de janeiro a julho de 2015.<\/p>\n<p>Brand\u00e3o diz ainda que \u00e9 o movimento de queda de pre\u00e7o de algumas commodities que provoca a queda dos valores negociados. Segundo dados do minist\u00e9rio, os pre\u00e7os dos itens da pauta de exporta\u00e7\u00f5es ca\u00edram 22% em julho, na compara\u00e7\u00e3o a igual m\u00eas de 2014, e 20,8% de janeiro a julho deste ano, em rela\u00e7\u00e3o ao mesmo intervalo de tempo no ano passado. \u201cIsso mostra que a redu\u00e7\u00e3o do valor das exporta\u00e7\u00f5es \u00e9 decorrente da redu\u00e7\u00e3o dos pre\u00e7os, visto que as quantidades est\u00e3o crescendo\u201d, afirma Brand\u00e3o.<\/p>\n<p> O diretor cita como exemplos o min\u00e9rio de ferro, o complexo soja (\u00f3leo, farelo e gr\u00e3o) e o petr\u00f3leo e seus derivados. Segundo ele, os tr\u00eas produtos responderam por 78,8% da queda de US$ 20,7 bilh\u00f5es no valor absoluto em exporta\u00e7\u00f5es de janeiro a julho deste ano ante igual per\u00edodo de 2014. No entanto, para Brand\u00e3o, as quantidades vendidas de petr\u00f3leo bruto, farelo de soja, soja em gr\u00e3o e min\u00e9rio de ferro foram recorde para o per\u00edodo dos primeiros sete meses do ano. Herlon Brand\u00e3o diz que, dada a instabilidade internacional, n\u00e3o h\u00e1 expectativa de recupera\u00e7\u00e3o dos pre\u00e7os das commodities no curto prazo.<\/p>\n<p>Com os pre\u00e7os do petr\u00f3leo e derivados em queda no exterior, a conta-petr\u00f3leo registrou recuo tanto nas exporta\u00e7\u00f5es quanto importa\u00e7\u00f5es e, em raz\u00e3o disso, conseguiu reduzir seu d\u00e9ficit em rela\u00e7\u00e3o a 2014. De US$ 9,9 bilh\u00f5es de janeiro a julho de 2014, o d\u00e9ficit caiu para US$ 3,8 bilh\u00f5es este ano. A conta-petr\u00f3leo foi um dos principais motivos do d\u00e9ficit de US$ 3,9 bilh\u00f5es da balan\u00e7a em 2014. Foi a primeira vez que a balan\u00e7a comercial encerrou um ano com d\u00e9ficit desde 2000.<\/p>\n<p>O diretor comentou, ainda, o fato de analistas estarem prevendo, para 2015, um super\u00e1vit da balan\u00e7a comercial que deve ser baseado em queda de importa\u00e7\u00f5es. O valor das compras do Brasil no exterior recuou 24,8% em julho deste ano ante o mesmo m\u00eas de 2014, e 19,5% de janeiro a julho de 2015 ante igual per\u00edodo de 2014.<\/p>\n<p>As quantidades importadas tamb\u00e9m est\u00e3o caindo. Brand\u00e3o diz que a economia desaquecida \u00e9 o principal fator de influ\u00eancia para a queda das compras do Brasil no exterior: \u201cS\u00e3o v\u00e1rios fatores, mas o que \u00e9 mais determinante \u00e9 a atividade econ\u00f4mica\u201d, explica, ressaltando que ainda n\u00e3o h\u00e1 como mensurar o impacto do d\u00f3lar valorizado no fen\u00f4meno.<\/p>\n<p>Para o diretor, no entanto, um super\u00e1vit deve ser comemorado mesmo se vinculado ao fato de a queda de importa\u00e7\u00f5es superar a de exporta\u00e7\u00f5es. \u201cUm saldo positivo \u00e9 sempre bom para o pa\u00eds, para as contas externas\u201d, opina. O diretor informa que a expectativa para fechamento da balan\u00e7a este ano \u00e9 a j\u00e1 informada pelo ministro do Desenvolvimento, Armando Monteiro, ou seja, super\u00e1vit de US$ 8 a US$ 10 bilh\u00f5es.<\/p>\n<p>Mariana Branco &#8211; Rep\u00f3rter da Ag\u00eancia Brasil<br \/>\nEdi\u00e7\u00e3o: Jorge Wamburg<\/p>\n","protected":false},"excerpt":{"rendered":"<p>O diretor do Departamento de Estat\u00edstica e Apoio \u00e0s Exporta\u00e7\u00f5es do Minist\u00e9rio do Desenvolvimento, Ind\u00fastria e Com\u00e9rcio Exterior, Herlon Brand\u00e3o, defendeu o desempenho das exporta\u00e7\u00f5es brasileiras e disse que o principal motivo para a perda de receitas com as vendas externas \u00e9 a diminui\u00e7\u00e3o do pre\u00e7o das commodities (produtos b\u00e1sicos com cota\u00e7\u00e3o internacional). Apesar do [&hellip;]<\/p>\n","protected":false},"author":2,"featured_media":57585,"comment_status":"open","ping_status":"closed","sticky":false,"template":"","format":"standard","meta":{"_genesis_hide_title":false,"_genesis_hide_breadcrumbs":false,"_genesis_hide_singular_image":false,"_genesis_hide_footer_widgets":false,"_genesis_custom_body_class":"","_genesis_custom_post_class":"","_genesis_layout":"","_jetpack_memberships_contains_paid_content":false,"footnotes":""},"categories":[22,7],"tags":[],"class_list":{"0":"post-73547","1":"post","2":"type-post","3":"status-publish","4":"format-standard","5":"has-post-thumbnail","7":"category-brasil","8":"category-economia","9":"entry","10":"gs-1","11":"gs-odd","12":"gs-even","13":"gs-featured-content-entry"},"jetpack_featured_media_url":"https:\/\/www.redenoticia.com.br\/noticia\/imagens\/analise-economia.jpg","jetpack_sharing_enabled":true,"jetpack_likes_enabled":true,"_links":{"self":[{"href":"https:\/\/www.redenoticia.com.br\/noticia\/wp-json\/wp\/v2\/posts\/73547","targetHints":{"allow":["GET"]}}],"collection":[{"href":"https:\/\/www.redenoticia.com.br\/noticia\/wp-json\/wp\/v2\/posts"}],"about":[{"href":"https:\/\/www.redenoticia.com.br\/noticia\/wp-json\/wp\/v2\/types\/post"}],"author":[{"embeddable":true,"href":"https:\/\/www.redenoticia.com.br\/noticia\/wp-json\/wp\/v2\/users\/2"}],"replies":[{"embeddable":true,"href":"https:\/\/www.redenoticia.com.br\/noticia\/wp-json\/wp\/v2\/comments?post=73547"}],"version-history":[{"count":0,"href":"https:\/\/www.redenoticia.com.br\/noticia\/wp-json\/wp\/v2\/posts\/73547\/revisions"}],"wp:featuredmedia":[{"embeddable":true,"href":"https:\/\/www.redenoticia.com.br\/noticia\/wp-json\/wp\/v2\/media\/57585"}],"wp:attachment":[{"href":"https:\/\/www.redenoticia.com.br\/noticia\/wp-json\/wp\/v2\/media?parent=73547"}],"wp:term":[{"taxonomy":"category","embeddable":true,"href":"https:\/\/www.redenoticia.com.br\/noticia\/wp-json\/wp\/v2\/categories?post=73547"},{"taxonomy":"post_tag","embeddable":true,"href":"https:\/\/www.redenoticia.com.br\/noticia\/wp-json\/wp\/v2\/tags?post=73547"}],"curies":[{"name":"wp","href":"https:\/\/api.w.org\/{rel}","templated":true}]}}