{"id":73545,"date":"2015-08-04T14:31:46","date_gmt":"2015-08-04T17:31:46","guid":{"rendered":"http:\/\/www.redenoticia.com.br\/noticia\/?p=73545"},"modified":"2015-08-04T14:31:46","modified_gmt":"2015-08-04T17:31:46","slug":"programa-quer-incentivar-empresas-brasileiras-a-desenvolver-softwares","status":"publish","type":"post","link":"https:\/\/www.redenoticia.com.br\/noticia\/2015\/programa-quer-incentivar-empresas-brasileiras-a-desenvolver-softwares\/73545","title":{"rendered":"Programa quer incentivar empresas brasileiras a desenvolver softwares"},"content":{"rendered":"<p> O Minist\u00e9rio das Comunica\u00e7\u00f5es lan\u00e7ou um <strong><em>programa para estimular a cria\u00e7\u00e3o de parques tecnol\u00f3gicos<\/em><\/strong> no Brasil, visando ao desenvolvimento de instala\u00e7\u00f5es de pesquisa e laborat\u00f3rios destinados ao desenvolvimento de softwares para computadores e smartphones. De acordo com o edital do Programa Usinas Digitais, est\u00e3o previstos R$ 8 milh\u00f5es em investimentos, a serem divididos entre os dois projetos que vencerem a sele\u00e7\u00e3o.<\/p>\n<p>Os projetos ser\u00e3o implementados por meio de parcerias entre os governos federal, estaduais e municipais e a iniciativa privada. As empresas aglutinadas em um mesmo polo ter\u00e3o acesso compartilhado a recursos, equipamentos e infraestrutura de ponta.<\/p>\n<p>\u201cO Minist\u00e9rio [das Comunica\u00e7\u00f5es] e os governos locais podem auxiliar, por exemplo, com equipamentos para homologa\u00e7\u00e3o, edi\u00e7\u00e3o de conte\u00fados e uma s\u00e9rie de equipamentos criativos. Esse equipamento pode ser disponibilizado em regime de rod\u00edzio, para ajudar a produzir e a colocar esses produtos no mercado\u201d, explicou o ministro das Comunica\u00e7\u00f5es, Ricardo Berzoini, ap\u00f3s participar da cerim\u00f4nia de lan\u00e7amento do edital.<\/p>\n<p>\u201cEsse mercado [de produ\u00e7\u00e3o de conte\u00fados para smartphones] tem crescido muito no mundo. O Brasil j\u00e1 produz bastante e se destaca na produ\u00e7\u00e3o, mas queremos dar mais apoio a quem tem a capacidade de elaborar, produzir, tem criatividade mas n\u00e3o tem meios para produzir\u201d, acrescentou.<\/p>\n<p>Berzoini ressaltou que o perfil desses aplicativos abrange \u201ctudo que possa ter valor\u201d para atrair o interesse das pessoas do ponto de vista cultural, comercial, em especial nos setores audiovisual, de m\u00fasica e som, assim com de aplicativos e jogo eletr\u00f4nicos. \u201cQueremos que esses aplicativos tenham capacidade de disputar o mercado privado, onde efetivamente se estabelece se ele tem ou n\u00e3o valor. Nosso apoio \u00e9 para que haja condi\u00e7\u00f5es de infraestrutura para que as pessoas possam criar. Podendo criar, evidentemente podem disputar o mercado.\u201d<\/p>\n<p>Dois projetos ser\u00e3o selecionados em 2015 para receber do minist\u00e9rio R$ 4 milh\u00f5es em repasses, cada. A partir da\u00ed, ser\u00e3o estabelecidas as parcerias, que poder\u00e3o ser tanto com governos locais quanto com entidades da sociedade civil ou institui\u00e7\u00f5es de pesquisa.<\/p>\n<p>Apresenta\u00e7\u00e3o de propostas<\/p>\n<p>Para participar do Usinas Digitais, os interessados devem apresentar as propostas at\u00e9 4 de setembro por meio do Sistema de Gest\u00e3o de Conv\u00eanios e Contratos de Repasse, no endere\u00e7o eletr\u00f4nico www.convenios.gov.br. Em nota, o minist\u00e9rio informa que o proponente dever\u00e1 apresentar uma contrapartida m\u00ednima de 10% do valor da proposta, ressalvados os limites estabelecidos por lei para estados, Distrito Federal e munic\u00edpios.<\/p>\n<p>Os projetos poder\u00e3o ser apresentados por associa\u00e7\u00f5es civis, sem fins lucrativos, que sejam legalmente respons\u00e1veis por arranjos produtivos locais ou parques tecnol\u00f3gicos; \u00f3rg\u00e3os do Poder P\u00fablico estadual, distrital, municipal ou cons\u00f3rcio de munic\u00edpios; assim como por institui\u00e7\u00f5es federais ou institui\u00e7\u00f5es de ensino superior p\u00fablicas ou privadas, sem fins lucrativos, que tenham por miss\u00e3o institucional executar atividades ligadas \u00e0 inova\u00e7\u00e3o tecnol\u00f3gica e \u00e0 pesquisa cient\u00edfica e tecnol\u00f3gica.<\/p>\n<p>Segundo o minist\u00e9rio, projetos com origem nas regi\u00f5es Norte e Centro-Oeste v\u00e3o contar com uma pontua\u00e7\u00e3o maior em um dos crit\u00e9rios de sele\u00e7\u00e3o. Dessa forma, busca-se fomentar a produ\u00e7\u00e3o de conte\u00fado digital nessas localidades. A comiss\u00e3o que avaliar\u00e1 os projetos \u00e9 composta por dois representantes do Minist\u00e9rio das Comunica\u00e7\u00f5es, um do Minist\u00e9rio do Desenvolvimento, Ind\u00fastria e Com\u00e9rcio Exterior, e dois de institui\u00e7\u00f5es convidadas, seguindo os crit\u00e9rios de sele\u00e7\u00e3o definidos pelo edital, que dever\u00e1 ser publicado amanh\u00e3 (5).<\/p>\n<p>Pedro Peduzzi &#8211; Rep\u00f3rter da Ag\u00eancia Brasil<br \/>\nEdi\u00e7\u00e3o: Juliana Andrade<\/p>\n","protected":false},"excerpt":{"rendered":"<p>O Minist\u00e9rio das Comunica\u00e7\u00f5es lan\u00e7ou um programa para estimular a cria\u00e7\u00e3o de parques tecnol\u00f3gicos no Brasil, visando ao desenvolvimento de instala\u00e7\u00f5es de pesquisa e laborat\u00f3rios destinados ao desenvolvimento de softwares para computadores e smartphones. De acordo com o edital do Programa Usinas Digitais, est\u00e3o previstos R$ 8 milh\u00f5es em investimentos, a serem divididos entre os [&hellip;]<\/p>\n","protected":false},"author":2,"featured_media":57576,"comment_status":"open","ping_status":"closed","sticky":false,"template":"","format":"standard","meta":{"_genesis_hide_title":false,"_genesis_hide_breadcrumbs":false,"_genesis_hide_singular_image":false,"_genesis_hide_footer_widgets":false,"_genesis_custom_body_class":"","_genesis_custom_post_class":"","_genesis_layout":"","_jetpack_memberships_contains_paid_content":false,"footnotes":""},"categories":[22],"tags":[],"class_list":{"0":"post-73545","1":"post","2":"type-post","3":"status-publish","4":"format-standard","5":"has-post-thumbnail","7":"category-brasil","8":"entry","9":"gs-1","10":"gs-odd","11":"gs-even","12":"gs-featured-content-entry"},"jetpack_featured_media_url":"https:\/\/www.redenoticia.com.br\/noticia\/imagens\/tecnologia1.jpg","jetpack_sharing_enabled":true,"jetpack_likes_enabled":true,"_links":{"self":[{"href":"https:\/\/www.redenoticia.com.br\/noticia\/wp-json\/wp\/v2\/posts\/73545","targetHints":{"allow":["GET"]}}],"collection":[{"href":"https:\/\/www.redenoticia.com.br\/noticia\/wp-json\/wp\/v2\/posts"}],"about":[{"href":"https:\/\/www.redenoticia.com.br\/noticia\/wp-json\/wp\/v2\/types\/post"}],"author":[{"embeddable":true,"href":"https:\/\/www.redenoticia.com.br\/noticia\/wp-json\/wp\/v2\/users\/2"}],"replies":[{"embeddable":true,"href":"https:\/\/www.redenoticia.com.br\/noticia\/wp-json\/wp\/v2\/comments?post=73545"}],"version-history":[{"count":0,"href":"https:\/\/www.redenoticia.com.br\/noticia\/wp-json\/wp\/v2\/posts\/73545\/revisions"}],"wp:featuredmedia":[{"embeddable":true,"href":"https:\/\/www.redenoticia.com.br\/noticia\/wp-json\/wp\/v2\/media\/57576"}],"wp:attachment":[{"href":"https:\/\/www.redenoticia.com.br\/noticia\/wp-json\/wp\/v2\/media?parent=73545"}],"wp:term":[{"taxonomy":"category","embeddable":true,"href":"https:\/\/www.redenoticia.com.br\/noticia\/wp-json\/wp\/v2\/categories?post=73545"},{"taxonomy":"post_tag","embeddable":true,"href":"https:\/\/www.redenoticia.com.br\/noticia\/wp-json\/wp\/v2\/tags?post=73545"}],"curies":[{"name":"wp","href":"https:\/\/api.w.org\/{rel}","templated":true}]}}