{"id":73321,"date":"2015-07-29T16:15:03","date_gmt":"2015-07-29T19:15:03","guid":{"rendered":"http:\/\/www.redenoticia.com.br\/noticia\/?p=73321"},"modified":"2015-07-29T16:15:03","modified_gmt":"2015-07-29T19:15:03","slug":"inadimplencia-das-empresas-fecha-semestre-com-alta-de-129","status":"publish","type":"post","link":"https:\/\/www.redenoticia.com.br\/noticia\/2015\/inadimplencia-das-empresas-fecha-semestre-com-alta-de-129\/73321","title":{"rendered":"Inadimpl\u00eancia das empresas fecha semestre com alta de 12,9%"},"content":{"rendered":"<p> A <strong><em>inadimpl\u00eancia<\/em><\/strong> das empresas encerrou o primeiro semestre com alta de 12,9%, na compara\u00e7\u00e3o com o mesmo per\u00edodo do ano anterior, segundo a empresa de consultoria Serasa Experian. A alta foi a maior desde 2012, quando o \u00edndice registrou eleva\u00e7\u00e3o de 16,5%.<\/p>\n<p>Em junho, o indicador teve leve alta de 0,1% em rela\u00e7\u00e3o a maio. Na compara\u00e7\u00e3o com junho de 2014, houve crescimento de 19,2%. Segundo os economistas da Serasa, a eleva\u00e7\u00e3o da taxa tem rela\u00e7\u00e3o com o cen\u00e1rio de deteriora\u00e7\u00e3o da atividade econ\u00f4mica, que continua impactando negativamente a inadimpl\u00eancia das empresas.<\/p>\n<p>As d\u00edvidas n\u00e3o banc\u00e1rias foram as que mais pesaram para a alta do \u00edndice, com crescimento de 4,8%. A inadimpl\u00eancia com os bancos subiu 1,3%. J\u00e1 os cheques sem fundos e os t\u00edtulos protestados ca\u00edram 8,8% e 2,4%, respectivamente.<\/p>\n<p>O valor m\u00e9dio dos cheques sem fundos teve crescimento de 10,4% no primeiro semestre do ano, na compara\u00e7\u00e3o com o mesmo per\u00edodo de 2014. O valor m\u00e9dio dos t\u00edtulos protestados e das d\u00edvidas n\u00e3o banc\u00e1rias tamb\u00e9m teve alta de 11,7% e 0,7%, respectivamente. J\u00e1 o valor m\u00e9dio da inadimpl\u00eancia com os bancos caiu 17,1%.<\/p>\n<p>Fernanda Cruz &#8211; Rep\u00f3rter da Ag\u00eancia Brasil<br \/>\nEdi\u00e7\u00e3o: Maria Claudia<\/p>\n","protected":false},"excerpt":{"rendered":"<p>A inadimpl\u00eancia das empresas encerrou o primeiro semestre com alta de 12,9%, na compara\u00e7\u00e3o com o mesmo per\u00edodo do ano anterior, segundo a empresa de consultoria Serasa Experian. A alta foi a maior desde 2012, quando o \u00edndice registrou eleva\u00e7\u00e3o de 16,5%. Em junho, o indicador teve leve alta de 0,1% em rela\u00e7\u00e3o a maio. [&hellip;]<\/p>\n","protected":false},"author":2,"featured_media":57582,"comment_status":"open","ping_status":"closed","sticky":false,"template":"","format":"standard","meta":{"_genesis_hide_title":false,"_genesis_hide_breadcrumbs":false,"_genesis_hide_singular_image":false,"_genesis_hide_footer_widgets":false,"_genesis_custom_body_class":"","_genesis_custom_post_class":"","_genesis_layout":"","_jetpack_memberships_contains_paid_content":false,"footnotes":""},"categories":[22,7],"tags":[],"class_list":{"0":"post-73321","1":"post","2":"type-post","3":"status-publish","4":"format-standard","5":"has-post-thumbnail","7":"category-brasil","8":"category-economia","9":"entry","10":"gs-1","11":"gs-odd","12":"gs-even","13":"gs-featured-content-entry"},"jetpack_featured_media_url":"https:\/\/www.redenoticia.com.br\/noticia\/imagens\/grafico1.jpg","jetpack_sharing_enabled":true,"jetpack_likes_enabled":true,"_links":{"self":[{"href":"https:\/\/www.redenoticia.com.br\/noticia\/wp-json\/wp\/v2\/posts\/73321","targetHints":{"allow":["GET"]}}],"collection":[{"href":"https:\/\/www.redenoticia.com.br\/noticia\/wp-json\/wp\/v2\/posts"}],"about":[{"href":"https:\/\/www.redenoticia.com.br\/noticia\/wp-json\/wp\/v2\/types\/post"}],"author":[{"embeddable":true,"href":"https:\/\/www.redenoticia.com.br\/noticia\/wp-json\/wp\/v2\/users\/2"}],"replies":[{"embeddable":true,"href":"https:\/\/www.redenoticia.com.br\/noticia\/wp-json\/wp\/v2\/comments?post=73321"}],"version-history":[{"count":0,"href":"https:\/\/www.redenoticia.com.br\/noticia\/wp-json\/wp\/v2\/posts\/73321\/revisions"}],"wp:featuredmedia":[{"embeddable":true,"href":"https:\/\/www.redenoticia.com.br\/noticia\/wp-json\/wp\/v2\/media\/57582"}],"wp:attachment":[{"href":"https:\/\/www.redenoticia.com.br\/noticia\/wp-json\/wp\/v2\/media?parent=73321"}],"wp:term":[{"taxonomy":"category","embeddable":true,"href":"https:\/\/www.redenoticia.com.br\/noticia\/wp-json\/wp\/v2\/categories?post=73321"},{"taxonomy":"post_tag","embeddable":true,"href":"https:\/\/www.redenoticia.com.br\/noticia\/wp-json\/wp\/v2\/tags?post=73321"}],"curies":[{"name":"wp","href":"https:\/\/api.w.org\/{rel}","templated":true}]}}