{"id":73319,"date":"2015-07-29T16:09:57","date_gmt":"2015-07-29T19:09:57","guid":{"rendered":"http:\/\/www.redenoticia.com.br\/noticia\/?p=73319"},"modified":"2015-07-29T16:09:57","modified_gmt":"2015-07-29T19:09:57","slug":"vendas-caem-472-em-supermercados-diz-associacao","status":"publish","type":"post","link":"https:\/\/www.redenoticia.com.br\/noticia\/2015\/vendas-caem-472-em-supermercados-diz-associacao\/73319","title":{"rendered":"Vendas caem 4,72% em supermercados, diz associa\u00e7\u00e3o"},"content":{"rendered":"<p> As <strong><em>vendas do setor de supermercados<\/em><\/strong> ca\u00edram 4,72% em valores reais em junho na compara\u00e7\u00e3o com maio e 3,04% na compara\u00e7\u00e3o com junho do ano passado. Conforme o \u00cdndice Nacional de Vendas da Associa\u00e7\u00e3o Brasileira de Supermercados (Abras), divulgado na capital paulista, no acumulado do ano, n\u00e3o houve varia\u00e7\u00e3o nas vendas.<\/p>\n<p>A cesta de 35 produtos de largo uso analisada pela entidade registrou eleva\u00e7\u00e3o de 1,19% com o pre\u00e7o passando de R$ 406,20, em maio, para R$ 411,03 junho. Os itens que apresentaram maiores eleva\u00e7\u00f5es de pre\u00e7os foram cebola (16,72%), batata (8,99%), sab\u00e3o em p\u00f3 (4,42%) e xampu (4,12%). Os produtos cujo pre\u00e7o caiu foram tomate (-12,79%), biscoito cream cracker (-4,44%), massa s\u00eamola espaguete (-1,47%) e desinfetante (-0,98%).<\/p>\n<p>Todas as regi\u00f5es tiveram alta na cesta. A mais cara foi a da Regi\u00e3o Norte, que subiu 2,54% e atingiu o valor de R$ 463,35. Em seguida vieram o Nordeste, com mais 1,91% e custo de R$ 352,54; o Sul, com mais 0,96% e pre\u00e7o de R$ 448,70; o Sudeste, com mais 0,44% e valor de R$ 392,91; e o Centro Oeste, com mais 0,13% e custo de R$ 390,12.<\/p>\n<p>Segundo o vice-presidente da Abras, Jo\u00e3o Sanzovo, o resultado \u00e9 reflexo do cen\u00e1rio de crise politica e econ\u00f4mica, que gera falta de confian\u00e7a no consumidor, al\u00e9m do aumento de desemprego, da diminui\u00e7\u00e3o da massa salarial e da infla\u00e7\u00e3o em alta, que causa perda do poder aquisitivo. \u201cTemos um cen\u00e1rio complicado dentro do qual podemos dizer que o setor est\u00e1 bem posicionado na compara\u00e7\u00e3o com outros setores.\u201d<\/p>\n<p>Na an\u00e1lise de Sanzovo, o setor est\u00e1 conseguindo manter alguma estabilidade porque o consumidor est\u00e1 mudando alguns h\u00e1bitos, como deixar de comer fora de casa. \u201cIsso implica comprar mais nos supermercados para abastecer a dispensa. Ao mesmo tempo em que [o consumidor] restringe compras de outros bens, passa a comprar mais no supermercado para se satisfazer&#8221;, disse Sanzovo. Ele destacou tamb\u00e9m &#8220;uma tentativa muito forte&#8221; do setor de promover mais ofertas para criar um clima positivo nas lojas, gerar mais disposi\u00e7\u00e3o para o consumo e segurar os pre\u00e7os.<\/p>\n<p>A expectativa \u00e9 que o setor apresente leve recupera\u00e7\u00e3o neste semestre, em fun\u00e7\u00e3o das festas de fim de ano. \u201cQueremos que as vendas sejam pelo menos iguais, se poss\u00edvel superiores \u00e0s do segundo semestre do ano passado. &#8220;O que nos d\u00e1 essa esperan\u00e7a \u00e9 que, em momentos de crise, o consumidor se retrai e deixa de comprar outras coisas e mant\u00e9m o consumo de produtos b\u00e1sicos.&#8221;<\/p>\n<p>Sanzovo ressaltou que, se essa mudan\u00e7a de comportamento se confirmar, n\u00e3o haver\u00e1 demiss\u00f5es no setor e a sazonalidade levar\u00e1 as lojas a contratar mais funcion\u00e1rios para o per\u00edodo de fim de ano. Al\u00e9m disso, todos os investimentos previstos pelos lojistas est\u00e3o mantidos para este ano. \u201cAs marcas pr\u00f3prias tamb\u00e9m ganham for\u00e7a, e o consumidor vai mudando de degraus conforme seu or\u00e7amento. Mas n\u00e3o s\u00e3o todos os supermercados que oferecem. Onde n\u00e3o achar marcas pr\u00f3prias o consumidor vai descendo a escada do pre\u00e7o m\u00e9dio at\u00e9 o pre\u00e7o baixo.\u201d<\/p>\n<p>Fl\u00e1via Albuquerque \u2013 Rep\u00f3rter da Ag\u00eancia Brasil<br \/>\nEdi\u00e7\u00e3o: Maria Claudia<\/p>\n","protected":false},"excerpt":{"rendered":"<p>As vendas do setor de supermercados ca\u00edram 4,72% em valores reais em junho na compara\u00e7\u00e3o com maio e 3,04% na compara\u00e7\u00e3o com junho do ano passado. Conforme o \u00cdndice Nacional de Vendas da Associa\u00e7\u00e3o Brasileira de Supermercados (Abras), divulgado na capital paulista, no acumulado do ano, n\u00e3o houve varia\u00e7\u00e3o nas vendas. A cesta de 35 [&hellip;]<\/p>\n","protected":false},"author":2,"featured_media":38938,"comment_status":"open","ping_status":"closed","sticky":false,"template":"","format":"standard","meta":{"_genesis_hide_title":false,"_genesis_hide_breadcrumbs":false,"_genesis_hide_singular_image":false,"_genesis_hide_footer_widgets":false,"_genesis_custom_body_class":"","_genesis_custom_post_class":"","_genesis_layout":"","_jetpack_memberships_contains_paid_content":false,"footnotes":""},"categories":[22,7],"tags":[],"class_list":{"0":"post-73319","1":"post","2":"type-post","3":"status-publish","4":"format-standard","5":"has-post-thumbnail","7":"category-brasil","8":"category-economia","9":"entry","10":"gs-1","11":"gs-odd","12":"gs-even","13":"gs-featured-content-entry"},"jetpack_featured_media_url":"https:\/\/www.redenoticia.com.br\/noticia\/imagens\/economia1.jpg","jetpack_sharing_enabled":true,"jetpack_likes_enabled":true,"_links":{"self":[{"href":"https:\/\/www.redenoticia.com.br\/noticia\/wp-json\/wp\/v2\/posts\/73319","targetHints":{"allow":["GET"]}}],"collection":[{"href":"https:\/\/www.redenoticia.com.br\/noticia\/wp-json\/wp\/v2\/posts"}],"about":[{"href":"https:\/\/www.redenoticia.com.br\/noticia\/wp-json\/wp\/v2\/types\/post"}],"author":[{"embeddable":true,"href":"https:\/\/www.redenoticia.com.br\/noticia\/wp-json\/wp\/v2\/users\/2"}],"replies":[{"embeddable":true,"href":"https:\/\/www.redenoticia.com.br\/noticia\/wp-json\/wp\/v2\/comments?post=73319"}],"version-history":[{"count":0,"href":"https:\/\/www.redenoticia.com.br\/noticia\/wp-json\/wp\/v2\/posts\/73319\/revisions"}],"wp:featuredmedia":[{"embeddable":true,"href":"https:\/\/www.redenoticia.com.br\/noticia\/wp-json\/wp\/v2\/media\/38938"}],"wp:attachment":[{"href":"https:\/\/www.redenoticia.com.br\/noticia\/wp-json\/wp\/v2\/media?parent=73319"}],"wp:term":[{"taxonomy":"category","embeddable":true,"href":"https:\/\/www.redenoticia.com.br\/noticia\/wp-json\/wp\/v2\/categories?post=73319"},{"taxonomy":"post_tag","embeddable":true,"href":"https:\/\/www.redenoticia.com.br\/noticia\/wp-json\/wp\/v2\/tags?post=73319"}],"curies":[{"name":"wp","href":"https:\/\/api.w.org\/{rel}","templated":true}]}}