{"id":73317,"date":"2015-07-29T16:07:46","date_gmt":"2015-07-29T19:07:46","guid":{"rendered":"http:\/\/www.redenoticia.com.br\/noticia\/?p=73317"},"modified":"2015-07-29T16:07:46","modified_gmt":"2015-07-29T19:07:46","slug":"tcu-aponta-35-riscos-na-gestao-da-divida-publica-do-pais","status":"publish","type":"post","link":"https:\/\/www.redenoticia.com.br\/noticia\/2015\/tcu-aponta-35-riscos-na-gestao-da-divida-publica-do-pais\/73317","title":{"rendered":"TCU aponta 35 riscos na gest\u00e3o da d\u00edvida p\u00fablica do pa\u00eds"},"content":{"rendered":"<p> O Tribunal de Contas da Uni\u00e3o (TCU) constatou, em levantamento sobre as contas do governo, a exist\u00eancia de 35 riscos nos procedimentos de gest\u00e3o da d\u00edvida p\u00fablica. Entre os pontos analisados, o tribunal verificou a exist\u00eancia de riscos de irregularidades e inefici\u00eancia nos repasses do Tesouro Nacional ao Banco Nacional de Desenvolvimento Econ\u00f4mico e Social (BNDES).<\/p>\n<p>Os procedimentos de gest\u00e3o da d\u00edvida p\u00fablica analisados pelo TCU fazem parte das atribui\u00e7\u00f5es do Minist\u00e9rio da Fazenda, por meio da Secretaria do Tesouro Nacional e da Subsecretaria da D\u00edvida P\u00fablica.<\/p>\n<p>Segundo nota divulgada hoje (28) pelo TCU, foram identificados tamb\u00e9m riscos de aumento do endividamento p\u00fablico em virtude de aportes do Tesouro ao setor el\u00e9trico; de amea\u00e7a \u00e0 sustentabilidade das contas p\u00fablicas, em decorr\u00eancia do alto custo do servi\u00e7o d\u00edvida, e de desequil\u00edbrio na  propor\u00e7\u00e3o entre o n\u00edvel da d\u00edvida bruta e o Produto Interno Bruto (PIB).<\/p>\n<p>De acordo com o documento, houve expressivo volume de emiss\u00f5es diretas realizadas em favor do BNDES entre 2008 e 2014, da ordem de R$ 430 bilh\u00f5es. O ministro Jos\u00e9 M\u00facio, relator do levantamento, disse que grande parte das opera\u00e7\u00f5es de cr\u00e9dito efetivadas pela institui\u00e7\u00e3o tem remunera\u00e7\u00e3o a taxas significativamente inferiores \u00e0s taxas de juros pagas na capta\u00e7\u00e3o mediante oferta p\u00fablica de t\u00edtulos p\u00fablicos, gerando \u00f4nus para o Tesouro.<\/p>\n<p>O TCU constatou ainda, no que se refere ao risco de liquidez decorrente do curto prazo de matura\u00e7\u00e3o da d\u00edvida, \u201cque a propor\u00e7\u00e3o da d\u00edvida a vencer nesse prazo, de 12 meses, tem tido redu\u00e7\u00e3o, ao mesmo tempo em que o prazo m\u00e9dio da d\u00edvida tem aumentado\u201d.<\/p>\n<p>Na avalia\u00e7\u00e3o do tribunal, a progressiva diminui\u00e7\u00e3o, verificada nos \u00faltimos anos, da reserva de fluxo de caixa espec\u00edfica para pagamento da d\u00edvida, reserva denominada de colch\u00e3o de liquidez, \u201cimplica a necessidade de acompanhamento do tema pelo TCU\u201d.<\/p>\n<p>Outro risco importante, de acordo com o tribunal, \u00e9 o alto custo da d\u00edvida p\u00fablica. Para o TCU, a carga de juros continua elevada, ainda que o custo da d\u00edvida tenha se tornado mais est\u00e1vel, \u201cdevido \u00e0 pol\u00edtica de priorizar a emiss\u00e3o de t\u00edtulos prefixados e vinculados a \u00edndices de pre\u00e7os, em vez de remunerados pela taxa Selic\u201d.<\/p>\n<p>Segundo o TCU, o refinanciamento da d\u00edvida \u2013 necess\u00e1rio para suportar todos os encargos \u2013 aumentou o estoque e colocou em risco a sustentabilidade dos d\u00e9bitos.<\/p>\n<p>O tribunal afirmou que o aumento do custo da d\u00edvida p\u00fablica decorre do decrescente resultado prim\u00e1rio nos \u00faltimos exerc\u00edcios, fato que provocou d\u00e9ficit em 2014.<\/p>\n<p>De acordo com o relat\u00f3rio, \u201ca situa\u00e7\u00e3o deficit\u00e1ria implica n\u00e3o apenas a impossibilidade de abater parte da d\u00edvida, mas tamb\u00e9m a necessidade de buscar mais recursos no mercado para refinanci\u00e1-la\u201d.<\/p>\n<p>Essa constata\u00e7\u00e3o, conforme o documento, somada \u00e0 tend\u00eancia recente de aumento da rela\u00e7\u00e3o d\u00edvida\/PIB, \u201ctamb\u00e9m motivar\u00e1 o acompanhamento, pelo tribunal, das provid\u00eancias que est\u00e3o sendo tomadas para reverter esse quadro\u201d.<\/p>\n<p>A Ag\u00eancia Brasil fez contato com a assessoria de imprensa do Minist\u00e9rio da Fazenda pedindo que o \u00f3rg\u00e3o comente o teor do documento. Em resposta, a assessoria informou que n\u00e3o tem posi\u00e7\u00e3o sobre o relat\u00f3rio.<\/p>\n<p>Da Ag\u00eancia Brasil<br \/>\nEdi\u00e7\u00e3o: Jos\u00e9 Romildo<\/p>\n","protected":false},"excerpt":{"rendered":"<p>O Tribunal de Contas da Uni\u00e3o (TCU) constatou, em levantamento sobre as contas do governo, a exist\u00eancia de 35 riscos nos procedimentos de gest\u00e3o da d\u00edvida p\u00fablica. Entre os pontos analisados, o tribunal verificou a exist\u00eancia de riscos de irregularidades e inefici\u00eancia nos repasses do Tesouro Nacional ao Banco Nacional de Desenvolvimento Econ\u00f4mico e Social [&hellip;]<\/p>\n","protected":false},"author":2,"featured_media":57585,"comment_status":"open","ping_status":"closed","sticky":false,"template":"","format":"standard","meta":{"_genesis_hide_title":false,"_genesis_hide_breadcrumbs":false,"_genesis_hide_singular_image":false,"_genesis_hide_footer_widgets":false,"_genesis_custom_body_class":"","_genesis_custom_post_class":"","_genesis_layout":"","_jetpack_memberships_contains_paid_content":false,"footnotes":""},"categories":[22,7],"tags":[],"class_list":{"0":"post-73317","1":"post","2":"type-post","3":"status-publish","4":"format-standard","5":"has-post-thumbnail","7":"category-brasil","8":"category-economia","9":"entry","10":"gs-1","11":"gs-odd","12":"gs-even","13":"gs-featured-content-entry"},"jetpack_featured_media_url":"https:\/\/www.redenoticia.com.br\/noticia\/imagens\/analise-economia.jpg","jetpack_sharing_enabled":true,"jetpack_likes_enabled":true,"_links":{"self":[{"href":"https:\/\/www.redenoticia.com.br\/noticia\/wp-json\/wp\/v2\/posts\/73317","targetHints":{"allow":["GET"]}}],"collection":[{"href":"https:\/\/www.redenoticia.com.br\/noticia\/wp-json\/wp\/v2\/posts"}],"about":[{"href":"https:\/\/www.redenoticia.com.br\/noticia\/wp-json\/wp\/v2\/types\/post"}],"author":[{"embeddable":true,"href":"https:\/\/www.redenoticia.com.br\/noticia\/wp-json\/wp\/v2\/users\/2"}],"replies":[{"embeddable":true,"href":"https:\/\/www.redenoticia.com.br\/noticia\/wp-json\/wp\/v2\/comments?post=73317"}],"version-history":[{"count":0,"href":"https:\/\/www.redenoticia.com.br\/noticia\/wp-json\/wp\/v2\/posts\/73317\/revisions"}],"wp:featuredmedia":[{"embeddable":true,"href":"https:\/\/www.redenoticia.com.br\/noticia\/wp-json\/wp\/v2\/media\/57585"}],"wp:attachment":[{"href":"https:\/\/www.redenoticia.com.br\/noticia\/wp-json\/wp\/v2\/media?parent=73317"}],"wp:term":[{"taxonomy":"category","embeddable":true,"href":"https:\/\/www.redenoticia.com.br\/noticia\/wp-json\/wp\/v2\/categories?post=73317"},{"taxonomy":"post_tag","embeddable":true,"href":"https:\/\/www.redenoticia.com.br\/noticia\/wp-json\/wp\/v2\/tags?post=73317"}],"curies":[{"name":"wp","href":"https:\/\/api.w.org\/{rel}","templated":true}]}}