{"id":73313,"date":"2015-07-29T16:03:25","date_gmt":"2015-07-29T19:03:25","guid":{"rendered":"http:\/\/www.redenoticia.com.br\/noticia\/?p=73313"},"modified":"2015-07-29T16:03:25","modified_gmt":"2015-07-29T19:03:25","slug":"dolar-deve-se-manter-em-novo-patamar-apos-elevacoes-avaliam-economistas","status":"publish","type":"post","link":"https:\/\/www.redenoticia.com.br\/noticia\/2015\/dolar-deve-se-manter-em-novo-patamar-apos-elevacoes-avaliam-economistas\/73313","title":{"rendered":"D\u00f3lar deve se manter em novo patamar ap\u00f3s eleva\u00e7\u00f5es, avaliam economistas"},"content":{"rendered":"<p> As sucessivas <strong><em>eleva\u00e7\u00f5es do d\u00f3lar<\/em><\/strong> nos \u00faltimos dias, que resultaram na maior taxa em 12 anos, trouxeram o c\u00e2mbio para um novo patamar, avaliam especialistas entrevistados pela Ag\u00eancia Brasil. O economista S\u00edlvio Campos Neto, da empresa de consultoria Tend\u00eancias, avalia que a varia\u00e7\u00e3o cambial colocou o real em um n\u00edvel ajustado com o atual cen\u00e1rio negativo da economia brasileira. \u201cA taxa de c\u00e2mbio j\u00e1 se desvalorizou bastante, e neste momento o espa\u00e7o para novas altas \u00e9 menor. Voc\u00ea ainda pode ser surpreendido por alguns movimentos de alta nas pr\u00f3ximas semanas, mas o espa\u00e7o \u00e9 bem menor\u201d, apontou.<\/p>\n<p>Para o economista Mauro Rochlin, professor da Funda\u00e7\u00e3o Getulio Vargas, a oscila\u00e7\u00e3o entre R$ 3,30 e R$ 3,50 deve se manter, caso n\u00e3o haja grande altera\u00e7\u00e3o do cen\u00e1rio econ\u00f4mico e pol\u00edtico, que, na avalia\u00e7\u00e3o dele, j\u00e1 \u00e9 bastante turbulento. \u201cAt\u00e9 onde a vista alcan\u00e7a, o patamar \u00e9 este\u201d, declarou. Entre os fatores que poderiam reverter o movimento, ele cita a amplia\u00e7\u00e3o da possibilidade de impeachment da presidenta Dilma Rousseff, rebaixamento mais significativo de nota das ag\u00eancias de risco e uma sa\u00edda mais forte de capital.<\/p>\n<p>Sobre a revis\u00e3o da nota do Brasil pela ag\u00eancia de classifica\u00e7\u00e3o de risco Standard &#038; Poor&#8217;s, que revisou a perspectiva da nota para negativa, os especialistas apontam que o movimento j\u00e1 era esperado. \u201cTemos um panorama pouco favor\u00e1vel. A decis\u00e3o confirma esse mal-estar e mostra como o ambiente deve continuar diverso nos pr\u00f3ximos meses\u201d, avaliou Campos Neto.<\/p>\n<p>Rochlin lembrou que normalmente a mudan\u00e7a de perspectiva antecede uma mudan\u00e7a de nota. \u201cA ideia \u00e9 fazer a coisa paulatinamente para ir alertando os clientes de como vai a economia do pa\u00eds, como vai a chance de calote dos t\u00edtulos [p\u00fablicos], como anda o risco de cr\u00e9dito\u201d, apontou.<\/p>\n<p>Os economistas destacam, como fato que desencadeou a eleva\u00e7\u00e3o do d\u00f3lar, a m\u00e1 interpreta\u00e7\u00e3o, pelo mercado, da revis\u00e3o de metas de super\u00e1vit prim\u00e1rio. Mas refor\u00e7am que h\u00e1 elementos adicionais, como a deteriora\u00e7\u00e3o do ambiente pol\u00edtico e fatores externos como a queda da bolsa na China. <\/p>\n<p>O professor da FGV acredita que a economia brasileira ainda deve sentir de forma mais intensa os impactos das oscila\u00e7\u00f5es da economia chinesa. \u201cHavendo, de fato, um problema maior em rela\u00e7\u00e3o ao mercado chin\u00eas, isso deve contagiar a percep\u00e7\u00e3o de risco de grandes investidores internacionais, portanto, eles devem diminuir a exposi\u00e7\u00e3o em rela\u00e7\u00e3o a mercados emergentes\u201d, avaliou.<\/p>\n<p>O consultor da Tend\u00eancias, Campos Neto, explica que a desvaloriza\u00e7\u00e3o do real tem impacto no poder de compra dos brasileiros. \u201c\u00c9 um movimento esperado, e sempre acontece em momentos de ajuste como este. Da mesma forma que, na d\u00e9cada passada, o real foi se valorizando em rela\u00e7\u00e3o ao d\u00f3lar e as fam\u00edlias se sentiram mais ricas por conta disso, agora \u00e9 movimento de ajuste inverso\u201d, apontou.<\/p>\n<p>Ele acrescenta que, somado a este fato, o panorama local de conten\u00e7\u00e3o de cr\u00e9dito e aumento do custo de financiamentos cria um cen\u00e1rio negativo para o consumo em geral. \u201cO ano de 2015 \u00e9 preocupante do ponto de vista das fam\u00edlias\u201d, avaliou.<\/p>\n<p>Camila Maciel &#8211; Rep\u00f3rter da Ag\u00eancia Brasil<br \/>\nEdi\u00e7\u00e3o: St\u00eanio Ribeiro<\/p>\n","protected":false},"excerpt":{"rendered":"<p>As sucessivas eleva\u00e7\u00f5es do d\u00f3lar nos \u00faltimos dias, que resultaram na maior taxa em 12 anos, trouxeram o c\u00e2mbio para um novo patamar, avaliam especialistas entrevistados pela Ag\u00eancia Brasil. O economista S\u00edlvio Campos Neto, da empresa de consultoria Tend\u00eancias, avalia que a varia\u00e7\u00e3o cambial colocou o real em um n\u00edvel ajustado com o atual cen\u00e1rio [&hellip;]<\/p>\n","protected":false},"author":2,"featured_media":57583,"comment_status":"open","ping_status":"closed","sticky":false,"template":"","format":"standard","meta":{"_genesis_hide_title":false,"_genesis_hide_breadcrumbs":false,"_genesis_hide_singular_image":false,"_genesis_hide_footer_widgets":false,"_genesis_custom_body_class":"","_genesis_custom_post_class":"","_genesis_layout":"","_jetpack_memberships_contains_paid_content":false,"footnotes":""},"categories":[22,7],"tags":[],"class_list":{"0":"post-73313","1":"post","2":"type-post","3":"status-publish","4":"format-standard","5":"has-post-thumbnail","7":"category-brasil","8":"category-economia","9":"entry","10":"gs-1","11":"gs-odd","12":"gs-even","13":"gs-featured-content-entry"},"jetpack_featured_media_url":"https:\/\/www.redenoticia.com.br\/noticia\/imagens\/economia-grafico.jpg","jetpack_sharing_enabled":true,"jetpack_likes_enabled":true,"_links":{"self":[{"href":"https:\/\/www.redenoticia.com.br\/noticia\/wp-json\/wp\/v2\/posts\/73313","targetHints":{"allow":["GET"]}}],"collection":[{"href":"https:\/\/www.redenoticia.com.br\/noticia\/wp-json\/wp\/v2\/posts"}],"about":[{"href":"https:\/\/www.redenoticia.com.br\/noticia\/wp-json\/wp\/v2\/types\/post"}],"author":[{"embeddable":true,"href":"https:\/\/www.redenoticia.com.br\/noticia\/wp-json\/wp\/v2\/users\/2"}],"replies":[{"embeddable":true,"href":"https:\/\/www.redenoticia.com.br\/noticia\/wp-json\/wp\/v2\/comments?post=73313"}],"version-history":[{"count":0,"href":"https:\/\/www.redenoticia.com.br\/noticia\/wp-json\/wp\/v2\/posts\/73313\/revisions"}],"wp:featuredmedia":[{"embeddable":true,"href":"https:\/\/www.redenoticia.com.br\/noticia\/wp-json\/wp\/v2\/media\/57583"}],"wp:attachment":[{"href":"https:\/\/www.redenoticia.com.br\/noticia\/wp-json\/wp\/v2\/media?parent=73313"}],"wp:term":[{"taxonomy":"category","embeddable":true,"href":"https:\/\/www.redenoticia.com.br\/noticia\/wp-json\/wp\/v2\/categories?post=73313"},{"taxonomy":"post_tag","embeddable":true,"href":"https:\/\/www.redenoticia.com.br\/noticia\/wp-json\/wp\/v2\/tags?post=73313"}],"curies":[{"name":"wp","href":"https:\/\/api.w.org\/{rel}","templated":true}]}}