{"id":73274,"date":"2015-07-28T14:10:25","date_gmt":"2015-07-28T17:10:25","guid":{"rendered":"http:\/\/www.redenoticia.com.br\/noticia\/?p=73274"},"modified":"2015-07-28T14:10:25","modified_gmt":"2015-07-28T17:10:25","slug":"indice-de-confianca-de-servicos-cai-29-em-julho","status":"publish","type":"post","link":"https:\/\/www.redenoticia.com.br\/noticia\/2015\/indice-de-confianca-de-servicos-cai-29-em-julho\/73274","title":{"rendered":"\u00cdndice de Confian\u00e7a de Servi\u00e7os cai 2,9% em julho"},"content":{"rendered":"<p> O <strong><em>\u00cdndice de Confian\u00e7a de Servi\u00e7os<\/em><\/strong>, medido pela Funda\u00e7\u00e3o Getulio Vargas (FGV), caiu 2,9% em julho deste ano, em compara\u00e7\u00e3o ao m\u00eas anterior. O indicador atingiu o menor patamar (78,4 pontos) desde o in\u00edcio da s\u00e9rie hist\u00f3rica, em junho de 2008.<\/p>\n<p>A confian\u00e7a caiu em sete das 12 atividades do setor de servi\u00e7os em julho. A queda foi puxada pelo recuo de 7,1% nas expectativas para os meses seguintes, pois os empres\u00e1rios do setor esperam menor demanda nos pr\u00f3ximos meses e piora da situa\u00e7\u00e3o dos neg\u00f3cios.<\/p>\n<p>Apesar da piora global do \u00cdndice de Confian\u00e7a de Servi\u00e7os, a confian\u00e7a dos empres\u00e1rios no momento atual avan\u00e7ou 4,8%, devido \u00e0 melhora da situa\u00e7\u00e3o atual dos neg\u00f3cios e do volume de demanda.<\/p>\n<p>Vitor Abdala &#8211; Rep\u00f3rter da Ag\u00eancia Brasil<br \/>\nEdi\u00e7\u00e3o: Jos\u00e9 Romildo<\/p>\n<p>&#8212;<br \/>\nA Empresa Brasil de Comunica\u00e7\u00e3o \u00e9 uma institui\u00e7\u00e3o da democracia brasileira: p\u00fablica, inclusiva e cidad\u00e3.  Criada em 2007 para fortalecer o sistema p\u00fablico de comunica\u00e7\u00e3o, \u00e9 gestora dos canais TV Brasil, TV Brasil Internacional, Ag\u00eancia Brasil, Radioag\u00eancia Nacional e do sistema p\u00fablico de R\u00e1dio \u2013 composto por oito emissoras. Estes, por sua independ\u00eancia editorial, distinguem-se dos canais estatais ou governamentais, com conte\u00fados diferenciados e complementares aos canais privados.<br \/>\nOs ve\u00edculos da EBC t\u00eam autonomia para definir produ\u00e7\u00e3o, programa\u00e7\u00e3o e distribui\u00e7\u00e3o de conte\u00fados.<\/p>\n","protected":false},"excerpt":{"rendered":"<p>O \u00cdndice de Confian\u00e7a de Servi\u00e7os, medido pela Funda\u00e7\u00e3o Getulio Vargas (FGV), caiu 2,9% em julho deste ano, em compara\u00e7\u00e3o ao m\u00eas anterior. O indicador atingiu o menor patamar (78,4 pontos) desde o in\u00edcio da s\u00e9rie hist\u00f3rica, em junho de 2008. A confian\u00e7a caiu em sete das 12 atividades do setor de servi\u00e7os em julho. [&hellip;]<\/p>\n","protected":false},"author":2,"featured_media":57585,"comment_status":"open","ping_status":"closed","sticky":false,"template":"","format":"standard","meta":{"_genesis_hide_title":false,"_genesis_hide_breadcrumbs":false,"_genesis_hide_singular_image":false,"_genesis_hide_footer_widgets":false,"_genesis_custom_body_class":"","_genesis_custom_post_class":"","_genesis_layout":"","_jetpack_memberships_contains_paid_content":false,"footnotes":""},"categories":[22,7],"tags":[],"class_list":{"0":"post-73274","1":"post","2":"type-post","3":"status-publish","4":"format-standard","5":"has-post-thumbnail","7":"category-brasil","8":"category-economia","9":"entry","10":"gs-1","11":"gs-odd","12":"gs-even","13":"gs-featured-content-entry"},"jetpack_featured_media_url":"https:\/\/www.redenoticia.com.br\/noticia\/imagens\/analise-economia.jpg","jetpack_sharing_enabled":true,"jetpack_likes_enabled":true,"_links":{"self":[{"href":"https:\/\/www.redenoticia.com.br\/noticia\/wp-json\/wp\/v2\/posts\/73274","targetHints":{"allow":["GET"]}}],"collection":[{"href":"https:\/\/www.redenoticia.com.br\/noticia\/wp-json\/wp\/v2\/posts"}],"about":[{"href":"https:\/\/www.redenoticia.com.br\/noticia\/wp-json\/wp\/v2\/types\/post"}],"author":[{"embeddable":true,"href":"https:\/\/www.redenoticia.com.br\/noticia\/wp-json\/wp\/v2\/users\/2"}],"replies":[{"embeddable":true,"href":"https:\/\/www.redenoticia.com.br\/noticia\/wp-json\/wp\/v2\/comments?post=73274"}],"version-history":[{"count":0,"href":"https:\/\/www.redenoticia.com.br\/noticia\/wp-json\/wp\/v2\/posts\/73274\/revisions"}],"wp:featuredmedia":[{"embeddable":true,"href":"https:\/\/www.redenoticia.com.br\/noticia\/wp-json\/wp\/v2\/media\/57585"}],"wp:attachment":[{"href":"https:\/\/www.redenoticia.com.br\/noticia\/wp-json\/wp\/v2\/media?parent=73274"}],"wp:term":[{"taxonomy":"category","embeddable":true,"href":"https:\/\/www.redenoticia.com.br\/noticia\/wp-json\/wp\/v2\/categories?post=73274"},{"taxonomy":"post_tag","embeddable":true,"href":"https:\/\/www.redenoticia.com.br\/noticia\/wp-json\/wp\/v2\/tags?post=73274"}],"curies":[{"name":"wp","href":"https:\/\/api.w.org\/{rel}","templated":true}]}}