{"id":73272,"date":"2015-07-28T14:07:33","date_gmt":"2015-07-28T17:07:33","guid":{"rendered":"http:\/\/www.redenoticia.com.br\/noticia\/?p=73272"},"modified":"2015-07-28T14:07:33","modified_gmt":"2015-07-28T17:07:33","slug":"cunha-diz-que-vai-analisar-pedidos-de-impeachment-com-fundamentos-legais","status":"publish","type":"post","link":"https:\/\/www.redenoticia.com.br\/noticia\/2015\/cunha-diz-que-vai-analisar-pedidos-de-impeachment-com-fundamentos-legais\/73272","title":{"rendered":"Cunha diz que vai analisar pedidos de impeachment com fundamentos legais"},"content":{"rendered":"<p> O presidente da C\u00e2mara dos Deputados, Eduardo Cunha (PMDB-RJ), disse que a discuss\u00e3o sobre as propostas de abertura de processo de <strong><em>impeachment<\/em><\/strong> contra a presidenta Dilma Rousseff tem tido impacto na confian\u00e7a dos setores econ\u00f4micos. Para ele, trata-se de um processo grave, &#8220;com consequ\u00eancias danosas para o pa\u00eds&#8221;.<\/p>\n<p>&#8220;Certamente n\u00e3o ser\u00e1 bom para o ambiente econ\u00f4mico a pr\u00f3pria discuss\u00e3o, como ela est\u00e1 sendo feita. N\u00e3o tenho d\u00favida de que essa pr\u00f3pria discuss\u00e3o tem levado \u00e0 diminui\u00e7\u00e3o da confian\u00e7a\u201d, ressaltou Cunha, ao participar de um almo\u00e7o com empres\u00e1rios na capital paulista.<\/p>\n<p>O deputado destacou que, embora tenha anunciado o rompimento com o governo federal, analisar\u00e1 eventuais pedidos de abertura de processo de impeachment com base em fundamentos legais. \u201cEu vou separar muito bem isso. Vou ter at\u00e9 uma cautela, para n\u00e3o antecipar meu julgamento, ou parecer que qualquer tipo de posicionamento tem a ver com a mudan\u00e7a do meu posicionamento pol\u00edtico, que eu anunciei publicamente.\u201d<\/p>\n<p>Na semana passada, Cunha despachou os 11 pedidos de impeachment da presidenta de volta aos autores, para que sejam reformulados segundo os requisitos do regimento da C\u00e2mara, antes de ser apreciados pela Mesa Diretora.<\/p>\n<p>No encontro com os empres\u00e1rios, a pol\u00edtica econ\u00f4mica do governo foi criticada diversas vezes por Cunha, que classificou o ajuste fiscal de \u201cp\u00edfio\u201d. Para ele, n\u00e3o est\u00e1 claro quais s\u00e3o os objetivos das medidas anunciadas ao longo deste ano. \u201cN\u00e3o adianta s\u00f3 voc\u00ea impor \u00e0 sociedade sacrif\u00edcios. Voc\u00ea tem que dizer \u00e0 sociedade o que vai acontecer depois dos sacrif\u00edcios, qual \u00e9 o norte\u201d, ressaltou.<\/p>\n<p>Do lado de fora do hotel onde foi realizado o evento, um grupo levou uma faixa para protestar contra Cunha, especialmente em rela\u00e7\u00e3o ao posicionamento favor\u00e1vel \u00e0 redu\u00e7\u00e3o da maioridade penal. \u201cHoje, o Cunha \u00e9 o inimigo n\u00famero 1 da juventude brasileira\u201d, afirmou a militante do movimento Juntos, Camila Souza. A estudante de ci\u00eancias sociais tamb\u00e9m lembrou as den\u00fancias envolvendo o deputado na Opera\u00e7\u00e3o Lava Jato, que investiga irregularidades em contratos da Petrobras. \u201cQueremos que ele deixe a presid\u00eancia da C\u00e2mara\u201d, disse Camila.<\/p>\n<p>Cunha n\u00e3o respondeu \u00e0s perguntas dos jornalistas sobre as acusa\u00e7\u00f5es que envolvem seu nome na opera\u00e7\u00e3o. Segundo ele, por orienta\u00e7\u00e3o do seu advogado. \u201cEle acha que eu falo demais\u201d, disse o deputado. Em depoimento ao juiz S\u00e9rgio Moro, da 13\u00aa Vara Federal de Curitiba, o empres\u00e1rio J\u00falio Camargo disse que Cunha pediu US$ 5 milh\u00f5es de propina para viabilizar um contrato de navios-sonda da Petrobras.<\/p>\n<p>Den\u00fancias<\/p>\n<p>O presidente da C\u00e2mara atribuiu as acusa\u00e7\u00f5es a uma manobra \u201ccovarde\u201d do governo federal. \u201cEu vejo claramente nisso, interfer\u00eancia do Poder Executivo\u201d, afirmou. De acordo com Cunha, h\u00e1 uma insatisfa\u00e7\u00e3o do governo em rela\u00e7\u00e3o \u00e0 sua atua\u00e7\u00e3o na C\u00e2mara. \u201cDe uma certa forma, teme-se a continuidade do nosso trabalho\u201d, disse ele, descartando a possibilidade de deixar o comando da Casa.<\/p>\n<p>Para ele, \u00e9 o governo que est\u00e1 com articula\u00e7\u00e3o enfraquecida entre os deputados. \u201cEu n\u00e3o diria que o governo perdeu a base. Eu diria que a base do governo n\u00e3o tem sido s\u00f3lida nos \u00faltimos meses\u201d, disse.<\/p>\n<p>Sobre a redu\u00e7\u00e3o da maioridade penal, Cunha disse que a medida evitaria que adolescentes sejam levados por adultos para participar de crimes. \u201cOs menores s\u00e3o usados como assaltantes por quadrilhas organizadas\u201d, afirmou, ao defender o projeto de emenda \u00e0 Constitui\u00e7\u00e3o aprovado em primeiro turno pelos deputados.<\/p>\n<p>Ap\u00f3s o almo\u00e7o, Cunha seguiu para um encontro com o governador Geraldo Alckmin, no Pal\u00e1cio dos Bandeirantes, sede do governo de S\u00e3o Paulo.<\/p>\n<p>Daniel Mello \u2013 Rep\u00f3rter da Ag\u00eancia Brasil<br \/>\nEdi\u00e7\u00e3o: Maria Claudia<\/p>\n","protected":false},"excerpt":{"rendered":"<p>O presidente da C\u00e2mara dos Deputados, Eduardo Cunha (PMDB-RJ), disse que a discuss\u00e3o sobre as propostas de abertura de processo de impeachment contra a presidenta Dilma Rousseff tem tido impacto na confian\u00e7a dos setores econ\u00f4micos. Para ele, trata-se de um processo grave, &#8220;com consequ\u00eancias danosas para o pa\u00eds&#8221;. &#8220;Certamente n\u00e3o ser\u00e1 bom para o ambiente [&hellip;]<\/p>\n","protected":false},"author":2,"featured_media":38938,"comment_status":"open","ping_status":"closed","sticky":false,"template":"","format":"standard","meta":{"_genesis_hide_title":false,"_genesis_hide_breadcrumbs":false,"_genesis_hide_singular_image":false,"_genesis_hide_footer_widgets":false,"_genesis_custom_body_class":"","_genesis_custom_post_class":"","_genesis_layout":"","_jetpack_memberships_contains_paid_content":false,"footnotes":""},"categories":[22],"tags":[],"class_list":{"0":"post-73272","1":"post","2":"type-post","3":"status-publish","4":"format-standard","5":"has-post-thumbnail","7":"category-brasil","8":"entry","9":"gs-1","10":"gs-odd","11":"gs-even","12":"gs-featured-content-entry"},"jetpack_featured_media_url":"https:\/\/www.redenoticia.com.br\/noticia\/imagens\/economia1.jpg","jetpack_sharing_enabled":true,"jetpack_likes_enabled":true,"_links":{"self":[{"href":"https:\/\/www.redenoticia.com.br\/noticia\/wp-json\/wp\/v2\/posts\/73272","targetHints":{"allow":["GET"]}}],"collection":[{"href":"https:\/\/www.redenoticia.com.br\/noticia\/wp-json\/wp\/v2\/posts"}],"about":[{"href":"https:\/\/www.redenoticia.com.br\/noticia\/wp-json\/wp\/v2\/types\/post"}],"author":[{"embeddable":true,"href":"https:\/\/www.redenoticia.com.br\/noticia\/wp-json\/wp\/v2\/users\/2"}],"replies":[{"embeddable":true,"href":"https:\/\/www.redenoticia.com.br\/noticia\/wp-json\/wp\/v2\/comments?post=73272"}],"version-history":[{"count":0,"href":"https:\/\/www.redenoticia.com.br\/noticia\/wp-json\/wp\/v2\/posts\/73272\/revisions"}],"wp:featuredmedia":[{"embeddable":true,"href":"https:\/\/www.redenoticia.com.br\/noticia\/wp-json\/wp\/v2\/media\/38938"}],"wp:attachment":[{"href":"https:\/\/www.redenoticia.com.br\/noticia\/wp-json\/wp\/v2\/media?parent=73272"}],"wp:term":[{"taxonomy":"category","embeddable":true,"href":"https:\/\/www.redenoticia.com.br\/noticia\/wp-json\/wp\/v2\/categories?post=73272"},{"taxonomy":"post_tag","embeddable":true,"href":"https:\/\/www.redenoticia.com.br\/noticia\/wp-json\/wp\/v2\/tags?post=73272"}],"curies":[{"name":"wp","href":"https:\/\/api.w.org\/{rel}","templated":true}]}}