{"id":73270,"date":"2015-07-28T14:03:15","date_gmt":"2015-07-28T17:03:15","guid":{"rendered":"http:\/\/www.redenoticia.com.br\/noticia\/?p=73270"},"modified":"2015-07-28T14:03:15","modified_gmt":"2015-07-28T17:03:15","slug":"investimento-em-softwares-livres-e-rentavel-diz-coordenador-da-fapesp","status":"publish","type":"post","link":"https:\/\/www.redenoticia.com.br\/noticia\/2015\/investimento-em-softwares-livres-e-rentavel-diz-coordenador-da-fapesp\/73270","title":{"rendered":"Investimento em softwares livres \u00e9 rent\u00e1vel, diz coordenador da Fapesp"},"content":{"rendered":"<p> Os <strong><em>softwares livres<\/em><\/strong> j\u00e1 se consolidaram como um investimento rent\u00e1vel, disse o coordenador adjunto de Pesquisa para Inova\u00e7\u00e3o da Funda\u00e7\u00e3o de Amparo \u00e0 Pesquisa do Estado de S\u00e3o Paulo. De acordo com F\u00e1bio Kon, que participou do programa Brasilianas.org, da TV Brasil, o Android, presente nos telefones m\u00f3veis, \u00e9 o principal software livre da atualidade e essa condi\u00e7\u00e3o n\u00e3o impede que ele seja rent\u00e1vel. \u201cEmpresas adaptam seus produtos ao Android. Ou seja, n\u00e3o \u00e9 por ser software livre que n\u00e3o se pode ganhar dinheiro com isso\u201d.<\/p>\n<p>Durante o programa ancorado pelo jornalista Lu\u00eds Nassif, F\u00e1bio Kon falou tamb\u00e9m sobre investimentos na \u00e1rea de inova\u00e7\u00e3o. Ele destacou que os setores de energias renov\u00e1veis, \u00f3leo e g\u00e1s e tecnologia da informa\u00e7\u00e3o ser\u00e3o estrat\u00e9gicas para esse tipo de investimentos nos pr\u00f3ximos anos.<\/p>\n<p>J\u00e1 o presidente da empresa p\u00fablica Financiadora de Estudos e Projetos (Finep), Lu\u00eds Manuel Fernandes, ressaltou a retra\u00e7\u00e3o nas pol\u00edticas voltadas \u00e0 inova\u00e7\u00e3o nos \u00faltimos anos e o comparou com 2004, quando, segundo ele, o setor industrial passou por um momento semelhante. \u201cAcredito que estamos num momento semelhante. Neste momento temos que ter mais foco nos investimentos p\u00fablicos e recuperar a abrang\u00eancia da inova\u00e7\u00e3o\u201d, disse Fernandes.<\/p>\n<p>o diretor de Planejamento e Gest\u00e3o da Empresa Brasileira de Pesquisa e Inova\u00e7\u00e3o Industrial (Embrapii), Jo\u00e3o Lu\u00edz Gordon, que particilou tamb\u00e9m do programa, defendeu o investimento do Estado nas empresas de inova\u00e7\u00e3o. \u201c\u00c9 importante o recurso para o empresariado, ter recursos para investir \u00e9 fundamental. O Estado tem que ajudar. O pr\u00f3prio Google teve financiamento p\u00fablico para desenvolver o algor\u00edtimo que fez dele o que ele \u00e9 hoje\u201d.<\/p>\n<p>Da Ag\u00eancia Brasil<br \/>\nEdi\u00e7\u00e3o: A\u00e9cio Amado<\/p>\n","protected":false},"excerpt":{"rendered":"<p>Os softwares livres j\u00e1 se consolidaram como um investimento rent\u00e1vel, disse o coordenador adjunto de Pesquisa para Inova\u00e7\u00e3o da Funda\u00e7\u00e3o de Amparo \u00e0 Pesquisa do Estado de S\u00e3o Paulo. De acordo com F\u00e1bio Kon, que participou do programa Brasilianas.org, da TV Brasil, o Android, presente nos telefones m\u00f3veis, \u00e9 o principal software livre da atualidade [&hellip;]<\/p>\n","protected":false},"author":2,"featured_media":57577,"comment_status":"open","ping_status":"closed","sticky":false,"template":"","format":"standard","meta":{"_genesis_hide_title":false,"_genesis_hide_breadcrumbs":false,"_genesis_hide_singular_image":false,"_genesis_hide_footer_widgets":false,"_genesis_custom_body_class":"","_genesis_custom_post_class":"","_genesis_layout":"","_jetpack_memberships_contains_paid_content":false,"footnotes":""},"categories":[22],"tags":[],"class_list":{"0":"post-73270","1":"post","2":"type-post","3":"status-publish","4":"format-standard","5":"has-post-thumbnail","7":"category-brasil","8":"entry","9":"gs-1","10":"gs-odd","11":"gs-even","12":"gs-featured-content-entry"},"jetpack_featured_media_url":"https:\/\/www.redenoticia.com.br\/noticia\/imagens\/tecnologia-inscricao.jpg","jetpack_sharing_enabled":true,"jetpack_likes_enabled":true,"_links":{"self":[{"href":"https:\/\/www.redenoticia.com.br\/noticia\/wp-json\/wp\/v2\/posts\/73270","targetHints":{"allow":["GET"]}}],"collection":[{"href":"https:\/\/www.redenoticia.com.br\/noticia\/wp-json\/wp\/v2\/posts"}],"about":[{"href":"https:\/\/www.redenoticia.com.br\/noticia\/wp-json\/wp\/v2\/types\/post"}],"author":[{"embeddable":true,"href":"https:\/\/www.redenoticia.com.br\/noticia\/wp-json\/wp\/v2\/users\/2"}],"replies":[{"embeddable":true,"href":"https:\/\/www.redenoticia.com.br\/noticia\/wp-json\/wp\/v2\/comments?post=73270"}],"version-history":[{"count":0,"href":"https:\/\/www.redenoticia.com.br\/noticia\/wp-json\/wp\/v2\/posts\/73270\/revisions"}],"wp:featuredmedia":[{"embeddable":true,"href":"https:\/\/www.redenoticia.com.br\/noticia\/wp-json\/wp\/v2\/media\/57577"}],"wp:attachment":[{"href":"https:\/\/www.redenoticia.com.br\/noticia\/wp-json\/wp\/v2\/media?parent=73270"}],"wp:term":[{"taxonomy":"category","embeddable":true,"href":"https:\/\/www.redenoticia.com.br\/noticia\/wp-json\/wp\/v2\/categories?post=73270"},{"taxonomy":"post_tag","embeddable":true,"href":"https:\/\/www.redenoticia.com.br\/noticia\/wp-json\/wp\/v2\/tags?post=73270"}],"curies":[{"name":"wp","href":"https:\/\/api.w.org\/{rel}","templated":true}]}}