{"id":73224,"date":"2015-07-27T15:00:47","date_gmt":"2015-07-27T18:00:47","guid":{"rendered":"http:\/\/www.redenoticia.com.br\/noticia\/?p=73224"},"modified":"2015-07-27T15:00:47","modified_gmt":"2015-07-27T18:00:47","slug":"divida-do-tesouro-aumenta-35-em-junho","status":"publish","type":"post","link":"https:\/\/www.redenoticia.com.br\/noticia\/2015\/divida-do-tesouro-aumenta-35-em-junho\/73224","title":{"rendered":"D\u00edvida do Tesouro aumenta 3,5% em junho"},"content":{"rendered":"<p> A <strong><em>D\u00edvida P\u00fablica Federal<\/em><\/strong> teve eleva\u00e7\u00e3o de 3,5% em junho, em compara\u00e7\u00e3o a maio: passou de R$ 2,496 trilh\u00f5es para R$ 2,583 trilh\u00f5es. Os dados foram divulgados pelo Tesouro Nacional. O endividamento do Tesouro pode ocorrer da por meio da oferta de t\u00edtulos p\u00fablicos em leil\u00f5es, pela internet (Tesouro Direto) ou pela emiss\u00e3o direta (com destina\u00e7\u00e3o espec\u00edfica).<\/p>\n<p>O aumento da d\u00edvida do Tesouro Nacional tamb\u00e9m pode ocorrer pela assinatura de contratos de empr\u00e9stimo. Nesse caso, o Tesouro toma empr\u00e9stimo de uma institui\u00e7\u00e3o financeira ou de um banco de fomento.<\/p>\n<p>A D\u00edvida P\u00fablica Mobili\u00e1ria Federal interna (DPMFi) cresceu 3,81% e passou de R$ 2,372 trilh\u00f5es para R$ 2,462 trilh\u00f5es. A DPMFi \u00e9 a d\u00edvida p\u00fablica federal em circula\u00e7\u00e3o no mercado nacional. Ela \u00e9 paga em reais e captada por meio da emiss\u00e3o de t\u00edtulos p\u00fablicos. O motivo da eleva\u00e7\u00e3o no m\u00eas passado foi a emiss\u00e3o l\u00edquida, no valor de R$ 65,15 bilh\u00f5es, realizada pelo governo. Al\u00e9m disso, houve incorpora\u00e7\u00e3o de juros \u00e0 d\u00edvida, no valor de R$ 25,22 bilh\u00f5es.<\/p>\n<p>Por outro lado, a D\u00edvida P\u00fablica Federal Externa (DPFe) registrou, em junho, redu\u00e7\u00e3o de 2,35% em compara\u00e7\u00e3o ao resultado do m\u00eas anterior, chegando a R$ 121,28 bilh\u00f5es, equivalentes a US$ 39,09 bilh\u00f5es, dos quais R$ 111,05 bilh\u00f5es (US$ 35,79 bilh\u00f5es) referem-se \u00e0 d\u00edvida mobili\u00e1ria (t\u00edtulos) e R$ 10,23 bilh\u00f5es (US$ 3,30 bilh\u00f5es), \u00e0 d\u00edvida contratual.<\/p>\n<p>DPFe \u00e9 a d\u00edvida p\u00fablica federal existente no mercado internacional paga em outras moedas. De acordo com o Tesouro Nacional, \u201ca eleva\u00e7\u00e3o [da DPFe] foi ocasionada pela valoriza\u00e7\u00e3o do real [de maio a junho] em compara\u00e7\u00e3o a moedas que comp\u00f5em o estoque da d\u00edvida externa\u201d.<\/p>\n<p>De acordo com o Plano Anual de Financiamento (PAF), o governo estima a D\u00edvida P\u00fablica Federal, em 2015, entre R$ 2,45 trilh\u00f5es e R$ 2,6 trilh\u00f5es.<\/p>\n<p>Daniel Lima &#8211; Rep\u00f3rter da Ag\u00eancia Brasil<br \/>\nEdi\u00e7\u00e3o: Jos\u00e9 Romildo<\/p>\n","protected":false},"excerpt":{"rendered":"<p>A D\u00edvida P\u00fablica Federal teve eleva\u00e7\u00e3o de 3,5% em junho, em compara\u00e7\u00e3o a maio: passou de R$ 2,496 trilh\u00f5es para R$ 2,583 trilh\u00f5es. Os dados foram divulgados pelo Tesouro Nacional. O endividamento do Tesouro pode ocorrer da por meio da oferta de t\u00edtulos p\u00fablicos em leil\u00f5es, pela internet (Tesouro Direto) ou pela emiss\u00e3o direta (com [&hellip;]<\/p>\n","protected":false},"author":2,"featured_media":57584,"comment_status":"open","ping_status":"closed","sticky":false,"template":"","format":"standard","meta":{"_genesis_hide_title":false,"_genesis_hide_breadcrumbs":false,"_genesis_hide_singular_image":false,"_genesis_hide_footer_widgets":false,"_genesis_custom_body_class":"","_genesis_custom_post_class":"","_genesis_layout":"","_jetpack_memberships_contains_paid_content":false,"footnotes":""},"categories":[22,7],"tags":[],"class_list":{"0":"post-73224","1":"post","2":"type-post","3":"status-publish","4":"format-standard","5":"has-post-thumbnail","7":"category-brasil","8":"category-economia","9":"entry","10":"gs-1","11":"gs-odd","12":"gs-even","13":"gs-featured-content-entry"},"jetpack_featured_media_url":"https:\/\/www.redenoticia.com.br\/noticia\/imagens\/economia-grafica-analise-inflacao.jpg","jetpack_sharing_enabled":true,"jetpack_likes_enabled":true,"_links":{"self":[{"href":"https:\/\/www.redenoticia.com.br\/noticia\/wp-json\/wp\/v2\/posts\/73224","targetHints":{"allow":["GET"]}}],"collection":[{"href":"https:\/\/www.redenoticia.com.br\/noticia\/wp-json\/wp\/v2\/posts"}],"about":[{"href":"https:\/\/www.redenoticia.com.br\/noticia\/wp-json\/wp\/v2\/types\/post"}],"author":[{"embeddable":true,"href":"https:\/\/www.redenoticia.com.br\/noticia\/wp-json\/wp\/v2\/users\/2"}],"replies":[{"embeddable":true,"href":"https:\/\/www.redenoticia.com.br\/noticia\/wp-json\/wp\/v2\/comments?post=73224"}],"version-history":[{"count":0,"href":"https:\/\/www.redenoticia.com.br\/noticia\/wp-json\/wp\/v2\/posts\/73224\/revisions"}],"wp:featuredmedia":[{"embeddable":true,"href":"https:\/\/www.redenoticia.com.br\/noticia\/wp-json\/wp\/v2\/media\/57584"}],"wp:attachment":[{"href":"https:\/\/www.redenoticia.com.br\/noticia\/wp-json\/wp\/v2\/media?parent=73224"}],"wp:term":[{"taxonomy":"category","embeddable":true,"href":"https:\/\/www.redenoticia.com.br\/noticia\/wp-json\/wp\/v2\/categories?post=73224"},{"taxonomy":"post_tag","embeddable":true,"href":"https:\/\/www.redenoticia.com.br\/noticia\/wp-json\/wp\/v2\/tags?post=73224"}],"curies":[{"name":"wp","href":"https:\/\/api.w.org\/{rel}","templated":true}]}}