{"id":73219,"date":"2015-07-27T14:47:26","date_gmt":"2015-07-27T17:47:26","guid":{"rendered":"http:\/\/www.redenoticia.com.br\/noticia\/?p=73219"},"modified":"2015-07-27T14:47:26","modified_gmt":"2015-07-27T17:47:26","slug":"mercado-financeiro-preve-alta-de-05-ponto-percentual-da-selic","status":"publish","type":"post","link":"https:\/\/www.redenoticia.com.br\/noticia\/2015\/mercado-financeiro-preve-alta-de-05-ponto-percentual-da-selic\/73219","title":{"rendered":"Mercado financeiro prev\u00ea alta de 0,5 ponto percentual da Selic"},"content":{"rendered":"<p> Institui\u00e7\u00f5es financeiras consultadas pelo Banco Central (BC) estimam que a <strong><em>taxa b\u00e1sica de juros<\/em><\/strong>, a Selic, seja elevada em 0,5 ponto percentual em julho. A pr\u00f3xima reuni\u00e3o do Comit\u00ea de Pol\u00edtica Monet\u00e1ria (Copom), que define a taxa, est\u00e1 marcada para ter\u00e7a (28) e quarta-feira (29). Atualmente, a Selic est\u00e1 em 13,75% ao ano, ap\u00f3s passar por seis altas seguidas. <\/p>\n<p>Depois da reuni\u00e3o deste m\u00eas, as institui\u00e7\u00f5es financeiras n\u00e3o esperam por mais aumento da taxa Selic. Com isso, a taxa deve fechar o ano em 14,25%. A previs\u00e3o da semana passada era que a Selic encerraria 2015 em 14,5% ao ano.<\/p>\n<p>A taxa \u00e9 usada nas negocia\u00e7\u00f5es de t\u00edtulos p\u00fablicos no Sistema Especial de Liquida\u00e7\u00e3o e Cust\u00f3dia (Selic) e serve de refer\u00eancia para as demais taxas de juros da economia. Ao reajust\u00e1-la para cima, o BC cont\u00e9m o excesso de demanda que pressiona os pre\u00e7os, porque os juros mais altos encarecem o cr\u00e9dito e estimulam a poupan\u00e7a. Quando reduz os juros b\u00e1sicos, o Copom barateia o cr\u00e9dito e incentiva a produ\u00e7\u00e3o e o consumo, mas alivia o controle sobre a infla\u00e7\u00e3o.<\/p>\n<p>Como o BC est\u00e1 tentando conter a infla\u00e7\u00e3o, a expectativa \u00e9 continuidade do processo de aumento da taxa b\u00e1sica. Para este ano, a estimativa do mercado financeiro para o \u00cdndice Nacional de Pre\u00e7os ao Consumidor Amplo (IPCA) subiu pela 15\u00aa vez seguida. A proje\u00e7\u00e3o passou de 9,15% para 9,23%. Neste ano, a infla\u00e7\u00e3o deve ficar acima do limite superior da meta estabelecido pelo governo, que \u00e9 6,5%. Para 2016, a proje\u00e7\u00e3o permanece em 5,4%.<\/p>\n<p>A promessa do BC \u00e9 entregar a infla\u00e7\u00e3o no centro da meta (4,5%), em 2016. Como as expectativas para o pr\u00f3ximo ano ainda est\u00e3o acima disso, o BC considera que precisa continuar elevando os juros. Na \u00faltima sexta-feira (24), o diretor de Pol\u00edtica Econ\u00f4mica do BC, Luiz Awazu Pereira da Silva, disse que, mesmo com alguns resultados positivos ineg\u00e1veis, acontecimentos recentes mostram que existem novos riscos que podem influenciar o resultado da infla\u00e7\u00e3o em 2016. Para o diretor, isso pode afetar as expectativas de infla\u00e7\u00e3o no longo prazo.<\/p>\n<p>Para o diretor, h\u00e1 sinais positivos da converg\u00eancia da infla\u00e7\u00e3o para 4,5% no pr\u00f3ximo ano, mostrando que o BC est\u00e1 no caminho certo. \u201cNo entanto, o progresso at\u00e9 agora na luta contra a infla\u00e7\u00e3o precisa ser equilibrado contra riscos recentes que amea\u00e7am nosso objetivo central\u201d, disse. O diretor acrescentou que o Banco Central deve permanecer cauteloso no momento atual.<\/p>\n<p>Embora ajude no controle dos pre\u00e7os, o aumento da taxa Selic prejudica a economia, que atravessa um ano de recess\u00e3o, com queda na produ\u00e7\u00e3o e no consumo.<\/p>\n<p>A expectativa das institui\u00e7\u00f5es financeiras para a retra\u00e7\u00e3o da economia, este ano, piorou, ao passar de 1,70% para 1,76%. Para o pr\u00f3ximo ano, a proje\u00e7\u00e3o \u00e9 crescimento do Produto Interno Bruto (PIB), mas de apenas 0,20%, contra 0,33%, previstos na semana passada.<\/p>\n<p>Na avalia\u00e7\u00e3o do mercado financeiro, a produ\u00e7\u00e3o industrial deve ter uma queda de 5%, este ano. Em 2016, a proje\u00e7\u00e3o de crescimento passou de 1,50% para 1,30%.<\/p>\n<p>A pesquisa do BC tamb\u00e9m traz a proje\u00e7\u00e3o para a infla\u00e7\u00e3o medida pelo \u00cdndice Geral de Pre\u00e7os-Disponibilidade Interna (IGP-DI), que passou de 7,64% para 7,69%, este ano. Para o \u00cdndice Geral de Pre\u00e7os-Mercado (IGP-M), a estimativa subiu de 7,46% para 7,52%, em 2015. A estimativa para o \u00cdndice de Pre\u00e7os ao Consumidor da Funda\u00e7\u00e3o Instituto de Pesquisas Econ\u00f4micas (IPC-Fipe) passou de 8,72% para 8,74%, este ano.<\/p>\n<p>A proje\u00e7\u00e3o para a cota\u00e7\u00e3o do d\u00f3lar subiu de R$ 3,23 para R$ 3,25, ao final de 2015, e segue em R$ 3,40, no fim de 2016.<\/p>\n<p>Kelly Oliveira \u2013 Rep\u00f3rter da Ag\u00eancia Brasil<br \/>\nEdi\u00e7\u00e3o: Jos\u00e9 Romildo<\/p>\n","protected":false},"excerpt":{"rendered":"<p>Institui\u00e7\u00f5es financeiras consultadas pelo Banco Central (BC) estimam que a taxa b\u00e1sica de juros, a Selic, seja elevada em 0,5 ponto percentual em julho. A pr\u00f3xima reuni\u00e3o do Comit\u00ea de Pol\u00edtica Monet\u00e1ria (Copom), que define a taxa, est\u00e1 marcada para ter\u00e7a (28) e quarta-feira (29). Atualmente, a Selic est\u00e1 em 13,75% ao ano, ap\u00f3s passar [&hellip;]<\/p>\n","protected":false},"author":2,"featured_media":57582,"comment_status":"open","ping_status":"closed","sticky":false,"template":"","format":"standard","meta":{"_genesis_hide_title":false,"_genesis_hide_breadcrumbs":false,"_genesis_hide_singular_image":false,"_genesis_hide_footer_widgets":false,"_genesis_custom_body_class":"","_genesis_custom_post_class":"","_genesis_layout":"","_jetpack_memberships_contains_paid_content":false,"footnotes":""},"categories":[22,7],"tags":[],"class_list":{"0":"post-73219","1":"post","2":"type-post","3":"status-publish","4":"format-standard","5":"has-post-thumbnail","7":"category-brasil","8":"category-economia","9":"entry","10":"gs-1","11":"gs-odd","12":"gs-even","13":"gs-featured-content-entry"},"jetpack_featured_media_url":"https:\/\/www.redenoticia.com.br\/noticia\/imagens\/grafico1.jpg","jetpack_sharing_enabled":true,"jetpack_likes_enabled":true,"_links":{"self":[{"href":"https:\/\/www.redenoticia.com.br\/noticia\/wp-json\/wp\/v2\/posts\/73219","targetHints":{"allow":["GET"]}}],"collection":[{"href":"https:\/\/www.redenoticia.com.br\/noticia\/wp-json\/wp\/v2\/posts"}],"about":[{"href":"https:\/\/www.redenoticia.com.br\/noticia\/wp-json\/wp\/v2\/types\/post"}],"author":[{"embeddable":true,"href":"https:\/\/www.redenoticia.com.br\/noticia\/wp-json\/wp\/v2\/users\/2"}],"replies":[{"embeddable":true,"href":"https:\/\/www.redenoticia.com.br\/noticia\/wp-json\/wp\/v2\/comments?post=73219"}],"version-history":[{"count":0,"href":"https:\/\/www.redenoticia.com.br\/noticia\/wp-json\/wp\/v2\/posts\/73219\/revisions"}],"wp:featuredmedia":[{"embeddable":true,"href":"https:\/\/www.redenoticia.com.br\/noticia\/wp-json\/wp\/v2\/media\/57582"}],"wp:attachment":[{"href":"https:\/\/www.redenoticia.com.br\/noticia\/wp-json\/wp\/v2\/media?parent=73219"}],"wp:term":[{"taxonomy":"category","embeddable":true,"href":"https:\/\/www.redenoticia.com.br\/noticia\/wp-json\/wp\/v2\/categories?post=73219"},{"taxonomy":"post_tag","embeddable":true,"href":"https:\/\/www.redenoticia.com.br\/noticia\/wp-json\/wp\/v2\/tags?post=73219"}],"curies":[{"name":"wp","href":"https:\/\/api.w.org\/{rel}","templated":true}]}}