{"id":73133,"date":"2015-07-24T08:58:31","date_gmt":"2015-07-24T11:58:31","guid":{"rendered":"http:\/\/www.redenoticia.com.br\/noticia\/?p=73133"},"modified":"2015-07-24T08:58:31","modified_gmt":"2015-07-24T11:58:31","slug":"cmn-regulamenta-aumento-de-juros-do-financiamento-estudantil","status":"publish","type":"post","link":"https:\/\/www.redenoticia.com.br\/noticia\/2015\/cmn-regulamenta-aumento-de-juros-do-financiamento-estudantil\/73133","title":{"rendered":"CMN regulamenta aumento de juros do financiamento estudantil"},"content":{"rendered":"<p> Os estudantes que fecharem novos financiamentos pelo Fundo de Financiamento ao Estudante do Ensino Superior (<strong><em>Fies<\/em><\/strong>) pagar\u00e3o parcelas mais altas. O Conselho Monet\u00e1rio Nacional (CMN) regulamentou o reajuste das taxas de juros dos novos contratos de 3,4% para 6,5% ao ano.<\/p>\n<p>O reajuste havia sido anunciado no fim do m\u00eas passado pelo ministro da Educa\u00e7\u00e3o, Renato Janine Ribeiro. As novas taxas haviam sido publicadas no edital com as novas regras do Fies, no in\u00edcio do m\u00eas, mas precisavam ser regulamentadas pelo CMN para entrar em vigor.<\/p>\n<p>O aumento vale apenas para os 61,5 mil contratos previstos para o segundo semestre deste ano. Quem j\u00e1 \u00e9 beneficiado pelo programa e precisa renovar os financiamentos continuar\u00e1 pagando as taxas atuais, porque os contratos em vigor n\u00e3o podem ser alterados por apenas uma das partes.<\/p>\n<p>De acordo com o Minist\u00e9rio da Fazenda, o aumento da taxa \u00e9 necess\u00e1rio para garantir a viabilidade do programa, ao reduzir os gastos com subs\u00eddios. A pasta ressaltou que os juros continuam atrativos e abaixo dos de financiamentos de mercado. \u201cA medida contribuir\u00e1 para a sustentabilidade do programa, possibilitando sua continuidade como pol\u00edtica p\u00fablica perene [permanente] de inclus\u00e3o social e de democratiza\u00e7\u00e3o do ensino superior\u201d, destacou o minist\u00e9rio.<\/p>\n<p>O Fies financia cursos de ensino superior em institui\u00e7\u00f5es privadas. Os estudantes s\u00f3 precisam come\u00e7ar a pagar o valor financiado dois anos ap\u00f3s a conclus\u00e3o do curso. O reajuste dos juros havia sido recomendado pelo grupo interministerial montado no in\u00edcio do ano para analisar os gastos p\u00fablicos federais, com representantes dos minist\u00e9rios da Fazenda, do Planejamento e da Casa Civil, mais a Controladoria-Geral da Uni\u00e3o.<\/p>\n<p>Al\u00e9m do aumento de juros, o grupo fez recomenda\u00e7\u00f5es para a manuten\u00e7\u00e3o do Fies, como oferta de vagas pelas mantenedoras, de acordo com a disponibilidade de verba do governo, e exig\u00eancia de nota m\u00ednima no Exame Nacional de Ensino M\u00e9dio (Enem) para ingresso no programa. As conclus\u00f5es do grupo foram publicadas em portaria no Di\u00e1rio Oficial da Uni\u00e3o de 2 de julho.<\/p>\n<p>Wellton M\u00e1ximo &#8211; Rep\u00f3rter da Ag\u00eancia Brasil<br \/>\nEdi\u00e7\u00e3o: St\u00eanio Ribeiro<\/p>\n","protected":false},"excerpt":{"rendered":"<p>Os estudantes que fecharem novos financiamentos pelo Fundo de Financiamento ao Estudante do Ensino Superior (Fies) pagar\u00e3o parcelas mais altas. O Conselho Monet\u00e1rio Nacional (CMN) regulamentou o reajuste das taxas de juros dos novos contratos de 3,4% para 6,5% ao ano. O reajuste havia sido anunciado no fim do m\u00eas passado pelo ministro da Educa\u00e7\u00e3o, [&hellip;]<\/p>\n","protected":false},"author":2,"featured_media":26465,"comment_status":"open","ping_status":"closed","sticky":false,"template":"","format":"standard","meta":{"_genesis_hide_title":false,"_genesis_hide_breadcrumbs":false,"_genesis_hide_singular_image":false,"_genesis_hide_footer_widgets":false,"_genesis_custom_body_class":"","_genesis_custom_post_class":"","_genesis_layout":"","_jetpack_memberships_contains_paid_content":false,"footnotes":""},"categories":[22],"tags":[],"class_list":{"0":"post-73133","1":"post","2":"type-post","3":"status-publish","4":"format-standard","5":"has-post-thumbnail","7":"category-brasil","8":"entry","9":"gs-1","10":"gs-odd","11":"gs-even","12":"gs-featured-content-entry"},"jetpack_featured_media_url":"https:\/\/www.redenoticia.com.br\/noticia\/imagens\/fies-financiamento-estudantil-inscricao-resultado.jpg","jetpack_sharing_enabled":true,"jetpack_likes_enabled":true,"_links":{"self":[{"href":"https:\/\/www.redenoticia.com.br\/noticia\/wp-json\/wp\/v2\/posts\/73133","targetHints":{"allow":["GET"]}}],"collection":[{"href":"https:\/\/www.redenoticia.com.br\/noticia\/wp-json\/wp\/v2\/posts"}],"about":[{"href":"https:\/\/www.redenoticia.com.br\/noticia\/wp-json\/wp\/v2\/types\/post"}],"author":[{"embeddable":true,"href":"https:\/\/www.redenoticia.com.br\/noticia\/wp-json\/wp\/v2\/users\/2"}],"replies":[{"embeddable":true,"href":"https:\/\/www.redenoticia.com.br\/noticia\/wp-json\/wp\/v2\/comments?post=73133"}],"version-history":[{"count":0,"href":"https:\/\/www.redenoticia.com.br\/noticia\/wp-json\/wp\/v2\/posts\/73133\/revisions"}],"wp:featuredmedia":[{"embeddable":true,"href":"https:\/\/www.redenoticia.com.br\/noticia\/wp-json\/wp\/v2\/media\/26465"}],"wp:attachment":[{"href":"https:\/\/www.redenoticia.com.br\/noticia\/wp-json\/wp\/v2\/media?parent=73133"}],"wp:term":[{"taxonomy":"category","embeddable":true,"href":"https:\/\/www.redenoticia.com.br\/noticia\/wp-json\/wp\/v2\/categories?post=73133"},{"taxonomy":"post_tag","embeddable":true,"href":"https:\/\/www.redenoticia.com.br\/noticia\/wp-json\/wp\/v2\/tags?post=73133"}],"curies":[{"name":"wp","href":"https:\/\/api.w.org\/{rel}","templated":true}]}}