{"id":73131,"date":"2015-07-24T08:56:43","date_gmt":"2015-07-24T11:56:43","guid":{"rendered":"http:\/\/www.redenoticia.com.br\/noticia\/?p=73131"},"modified":"2015-07-24T08:56:43","modified_gmt":"2015-07-24T11:56:43","slug":"meta-de-superavit-tem-clausula-de-abatimento-de-ate-r-264-bilhoes","status":"publish","type":"post","link":"https:\/\/www.redenoticia.com.br\/noticia\/2015\/meta-de-superavit-tem-clausula-de-abatimento-de-ate-r-264-bilhoes\/73131","title":{"rendered":"Meta de super\u00e1vit tem cl\u00e1usula de abatimento de at\u00e9 R$ 26,4 bilh\u00f5es"},"content":{"rendered":"<p> A <strong><em>meta de super\u00e1vit prim\u00e1rio<\/em><\/strong> de R$ 8,747 bilh\u00f5es poder\u00e1 se converter em d\u00e9ficit se o governo n\u00e3o conseguir arrecadar receitas extraordin\u00e1rias. Segundo o ministro do Planejamento, Nelson Barbosa, a meta de 0,15% do Produto Interno Bruto (PIB, soma das riquezas produzidas no pa\u00eds) para 2015 ter\u00e1 uma cl\u00e1usula de abatimento de at\u00e9 R$ 26,4 bilh\u00f5es.<\/p>\n<p>Segundo Barbosa, o abatimento poder\u00e1 ser aplicado caso o governo n\u00e3o consiga arrecadar tr\u00eas tipos de receitas extraordin\u00e1rias, que foram incorporadas \u00e0s estimativas de arrecada\u00e7\u00e3o deste ano. A primeira fonte de recursos \u00e9 a renegocia\u00e7\u00e3o de d\u00edvidas questionadas por contribuintes na Justi\u00e7a, com arrecada\u00e7\u00e3o estimada de R$ 10 bilh\u00f5es para este ano. A segunda \u00e9 o repatriamento de recursos no exterior, com receita projetada de R$ 11,4 bilh\u00f5es. A terceira \u00e9 a concess\u00e3o de projetos de infraestrutura, que deve refor\u00e7ar o caixa do governo em R$ 5 bilh\u00f5es em 2015.<\/p>\n<p>A cl\u00e1usula de abatimento seria aplicada se o Congresso Nacional n\u00e3o aprovar a renegocia\u00e7\u00e3o de d\u00edvidas e o repatriamento de recursos ou caso ocorram atrasos nos leil\u00f5es de concess\u00f5es. Apesar da possibilidade, o ministro da Fazenda, Joaquim Levy, assegurou que a meta de 0,15% do PIB \u00e9 realista e pode ser cumprida, mas pediu coopera\u00e7\u00e3o do Congresso.<\/p>\n<p>\u201cEssa \u00e9 apenas uma meta m\u00ednima. Todos aqui [na equipe econ\u00f4mica] acham que o esfor\u00e7o fiscal vai ficar al\u00e9m disso. Este governo e sua equipe n\u00e3o brigam com o mercado. As estimativas est\u00e3o em linha com a das institui\u00e7\u00f5es financeiras. Mas isso [o esfor\u00e7o fiscal] exigir\u00e1 coopera\u00e7\u00e3o do Congresso e da sociedade para trazer a economia de volta ao equil\u00edbrio estrutural\u201d, declarou Levy.<\/p>\n<p>De acordo com Barbosa, o cronograma dos leil\u00f5es de portos permitir\u00e1 que o governo fa\u00e7a leil\u00f5es ainda este ano. \u201cNesta semana, entregamos ao TCU [Tribunal de Contas da Uni\u00e3o] para que analise o pedido para que os leil\u00f5es sejam feitos pelo modelo de outorgas [em que o maior lance vence]. Se tudo for analisado, podemos fazer o leil\u00e3o da primeira rodada de portos ainda neste ano\u201d, explicou.<\/p>\n<p>Wellton M\u00e1ximo e Mariana Branco \u2013 Rep\u00f3rteres da Ag\u00eancia Brasil<br \/>\nEdi\u00e7\u00e3o: A\u00e9cio Amado<\/p>\n","protected":false},"excerpt":{"rendered":"<p>A meta de super\u00e1vit prim\u00e1rio de R$ 8,747 bilh\u00f5es poder\u00e1 se converter em d\u00e9ficit se o governo n\u00e3o conseguir arrecadar receitas extraordin\u00e1rias. Segundo o ministro do Planejamento, Nelson Barbosa, a meta de 0,15% do Produto Interno Bruto (PIB, soma das riquezas produzidas no pa\u00eds) para 2015 ter\u00e1 uma cl\u00e1usula de abatimento de at\u00e9 R$ 26,4 [&hellip;]<\/p>\n","protected":false},"author":2,"featured_media":57583,"comment_status":"open","ping_status":"closed","sticky":false,"template":"","format":"standard","meta":{"_genesis_hide_title":false,"_genesis_hide_breadcrumbs":false,"_genesis_hide_singular_image":false,"_genesis_hide_footer_widgets":false,"_genesis_custom_body_class":"","_genesis_custom_post_class":"","_genesis_layout":"","_jetpack_memberships_contains_paid_content":false,"footnotes":""},"categories":[22,7],"tags":[],"class_list":{"0":"post-73131","1":"post","2":"type-post","3":"status-publish","4":"format-standard","5":"has-post-thumbnail","7":"category-brasil","8":"category-economia","9":"entry","10":"gs-1","11":"gs-odd","12":"gs-even","13":"gs-featured-content-entry"},"jetpack_featured_media_url":"https:\/\/www.redenoticia.com.br\/noticia\/imagens\/economia-grafico.jpg","jetpack_sharing_enabled":true,"jetpack_likes_enabled":true,"_links":{"self":[{"href":"https:\/\/www.redenoticia.com.br\/noticia\/wp-json\/wp\/v2\/posts\/73131","targetHints":{"allow":["GET"]}}],"collection":[{"href":"https:\/\/www.redenoticia.com.br\/noticia\/wp-json\/wp\/v2\/posts"}],"about":[{"href":"https:\/\/www.redenoticia.com.br\/noticia\/wp-json\/wp\/v2\/types\/post"}],"author":[{"embeddable":true,"href":"https:\/\/www.redenoticia.com.br\/noticia\/wp-json\/wp\/v2\/users\/2"}],"replies":[{"embeddable":true,"href":"https:\/\/www.redenoticia.com.br\/noticia\/wp-json\/wp\/v2\/comments?post=73131"}],"version-history":[{"count":0,"href":"https:\/\/www.redenoticia.com.br\/noticia\/wp-json\/wp\/v2\/posts\/73131\/revisions"}],"wp:featuredmedia":[{"embeddable":true,"href":"https:\/\/www.redenoticia.com.br\/noticia\/wp-json\/wp\/v2\/media\/57583"}],"wp:attachment":[{"href":"https:\/\/www.redenoticia.com.br\/noticia\/wp-json\/wp\/v2\/media?parent=73131"}],"wp:term":[{"taxonomy":"category","embeddable":true,"href":"https:\/\/www.redenoticia.com.br\/noticia\/wp-json\/wp\/v2\/categories?post=73131"},{"taxonomy":"post_tag","embeddable":true,"href":"https:\/\/www.redenoticia.com.br\/noticia\/wp-json\/wp\/v2\/tags?post=73131"}],"curies":[{"name":"wp","href":"https:\/\/api.w.org\/{rel}","templated":true}]}}