{"id":73062,"date":"2015-07-23T17:09:44","date_gmt":"2015-07-23T20:09:44","guid":{"rendered":"http:\/\/www.redenoticia.com.br\/noticia\/?p=73062"},"modified":"2015-07-23T17:09:44","modified_gmt":"2015-07-23T20:09:44","slug":"desemprego-em-junho-e-o-maior-para-o-mes-desde-2010","status":"publish","type":"post","link":"https:\/\/www.redenoticia.com.br\/noticia\/2015\/desemprego-em-junho-e-o-maior-para-o-mes-desde-2010\/73062","title":{"rendered":"Desemprego em junho \u00e9 o maior para o m\u00eas desde 2010"},"content":{"rendered":"<p> O <strong><em>desemprego<\/em><\/strong> em junho ficou em 6,9%, 2,1 pontos percentuais maior que o de junho do ano passado (4,8%), segundo o Instituto Brasileiro de Geografia e Estat\u00edstica (IBGE). \u00c9 a maior taxa de desemprego para o m\u00eas desde 2010, quando o \u00edndice chegou a 7%. Em rela\u00e7\u00e3o a maio deste ano, a taxa de junho \u00e9 0,2 ponto percentual maior, como mostra a Pesquisa Mensal de Emprego (PME).<\/p>\n<p>Em junho deste ano, havia 1,7 milh\u00e3o de pessoas desocupadas, resultado est\u00e1vel em rela\u00e7\u00e3o a maio. No entanto, a pesquisa mostra aumento de 44,9% (mais 522 mil) no percentual de pessoas desocupadas em rela\u00e7\u00e3o a junho de 2014. J\u00e1 a popula\u00e7\u00e3o ocupada em junho deste ano era 22,8 milh\u00f5es, tamb\u00e9m est\u00e1vel em compara\u00e7\u00e3o a maio. No entanto, houve um recuo de 1,3%, ou menos 298 mil pessoas ocupadas, na compara\u00e7\u00e3o com junho do ano passado.<\/p>\n<p>Em junho, a popula\u00e7\u00e3o n\u00e3o economicamente ativa manteve-se em 19,3 milh\u00f5es de pessoas. Popula\u00e7\u00e3o n\u00e3o economicamente ativa \u00e9 um conceito elaborado para designar a popula\u00e7\u00e3o que n\u00e3o est\u00e1 inserida no mercado de trabalho ou que n\u00e3o est\u00e1 procurando exercer algum tipo de atividade remunerada.<\/p>\n<p>O n\u00famero de trabalhadores com carteira assinada no setor privado ficou em 11,5 milh\u00f5es no m\u00eas passado. Na compara\u00e7\u00e3o com junho de 2014, houve queda de 2%, menos 240 mil pessoas.<\/p>\n<p>A pesquisa indica que o rendimento m\u00e9dio real habitual do trabalhador subiu 0,8% de maio para junho, ficando em R$ 2.149,10. Mas recuou 2,9% em rela\u00e7\u00e3o a junho do ano passado. J\u00e1 a massa de rendimento m\u00e9dio real habitual ficou est\u00e1vel de maio para junho, R$ 49,5 bilh\u00f5es. Em rela\u00e7\u00e3o a junho de 2014, a massa de rendimento caiu, tendo ficado em 4,3%.<\/p>\n<p>Regi\u00f5es metropolitanas<\/p>\n<p>A PME \u00e9 realizada nas seguintes regi\u00f5es metropolitanas do pa\u00eds: Recife, Salvador, Belo Horizonte, Rio de Janeiro, S\u00e3o Paulo e Porto Alegre. Nessas regi\u00f5es, os dados sobre o desemprego ficaram est\u00e1veis em compara\u00e7\u00e3o ao m\u00eas de maio.<\/p>\n<p>Em rela\u00e7\u00e3o a junho do ano passado, por\u00e9m, a taxa cresceu em todas as regi\u00f5es, com destaque para o Recife, onde o desemprego passou de 6,2% para 8,8%, aumento de 2,6 pontos percentuais.<\/p>\n<p>Salvador registrou aumento do desemprego de 9% para 11,4%, eleva\u00e7\u00e3o de 2,4 pontos percentuais. O desemprego em S\u00e3o Paulo passou de 5,1% para 7,2%. Em Porto Alegre, passou de 3,7% para 5,8%. No Rio de Janeiro, passou de 3,2% para 5,2%. E, em Belo Horizonte, de 3,9% para 5,6%.<\/p>\n<p>Nielmar de Oliveira \u2013 Rep\u00f3rter da Ag\u00eancia Brasil<br \/>\nEdi\u00e7\u00e3o: Jos\u00e9 Romildo<\/p>\n","protected":false},"excerpt":{"rendered":"<p>O desemprego em junho ficou em 6,9%, 2,1 pontos percentuais maior que o de junho do ano passado (4,8%), segundo o Instituto Brasileiro de Geografia e Estat\u00edstica (IBGE). \u00c9 a maior taxa de desemprego para o m\u00eas desde 2010, quando o \u00edndice chegou a 7%. Em rela\u00e7\u00e3o a maio deste ano, a taxa de junho [&hellip;]<\/p>\n","protected":false},"author":2,"featured_media":57585,"comment_status":"open","ping_status":"closed","sticky":false,"template":"","format":"standard","meta":{"_genesis_hide_title":false,"_genesis_hide_breadcrumbs":false,"_genesis_hide_singular_image":false,"_genesis_hide_footer_widgets":false,"_genesis_custom_body_class":"","_genesis_custom_post_class":"","_genesis_layout":"","_jetpack_memberships_contains_paid_content":false,"footnotes":""},"categories":[22,7],"tags":[],"class_list":{"0":"post-73062","1":"post","2":"type-post","3":"status-publish","4":"format-standard","5":"has-post-thumbnail","7":"category-brasil","8":"category-economia","9":"entry","10":"gs-1","11":"gs-odd","12":"gs-even","13":"gs-featured-content-entry"},"jetpack_featured_media_url":"https:\/\/www.redenoticia.com.br\/noticia\/imagens\/analise-economia.jpg","jetpack_sharing_enabled":true,"jetpack_likes_enabled":true,"_links":{"self":[{"href":"https:\/\/www.redenoticia.com.br\/noticia\/wp-json\/wp\/v2\/posts\/73062","targetHints":{"allow":["GET"]}}],"collection":[{"href":"https:\/\/www.redenoticia.com.br\/noticia\/wp-json\/wp\/v2\/posts"}],"about":[{"href":"https:\/\/www.redenoticia.com.br\/noticia\/wp-json\/wp\/v2\/types\/post"}],"author":[{"embeddable":true,"href":"https:\/\/www.redenoticia.com.br\/noticia\/wp-json\/wp\/v2\/users\/2"}],"replies":[{"embeddable":true,"href":"https:\/\/www.redenoticia.com.br\/noticia\/wp-json\/wp\/v2\/comments?post=73062"}],"version-history":[{"count":0,"href":"https:\/\/www.redenoticia.com.br\/noticia\/wp-json\/wp\/v2\/posts\/73062\/revisions"}],"wp:featuredmedia":[{"embeddable":true,"href":"https:\/\/www.redenoticia.com.br\/noticia\/wp-json\/wp\/v2\/media\/57585"}],"wp:attachment":[{"href":"https:\/\/www.redenoticia.com.br\/noticia\/wp-json\/wp\/v2\/media?parent=73062"}],"wp:term":[{"taxonomy":"category","embeddable":true,"href":"https:\/\/www.redenoticia.com.br\/noticia\/wp-json\/wp\/v2\/categories?post=73062"},{"taxonomy":"post_tag","embeddable":true,"href":"https:\/\/www.redenoticia.com.br\/noticia\/wp-json\/wp\/v2\/tags?post=73062"}],"curies":[{"name":"wp","href":"https:\/\/api.w.org\/{rel}","templated":true}]}}