{"id":73060,"date":"2015-07-23T17:07:08","date_gmt":"2015-07-23T20:07:08","guid":{"rendered":"http:\/\/www.redenoticia.com.br\/noticia\/?p=73060"},"modified":"2015-07-23T17:07:08","modified_gmt":"2015-07-23T20:07:08","slug":"industria-da-construcao-reduz-empregos-e-nivel-de-atividade-em-junho","status":"publish","type":"post","link":"https:\/\/www.redenoticia.com.br\/noticia\/2015\/industria-da-construcao-reduz-empregos-e-nivel-de-atividade-em-junho\/73060","title":{"rendered":"Ind\u00fastria da constru\u00e7\u00e3o reduz empregos e n\u00edvel de atividade em junho"},"content":{"rendered":"<p> O n\u00famero de empregados e o n\u00edvel de atividade da <strong><em>ind\u00fastria da constru\u00e7\u00e3o<\/em><\/strong> registraram queda no m\u00eas de junho, segundo a pesquisa Sondagem Ind\u00fastria da Constru\u00e7\u00e3o, divulgada pela Confedera\u00e7\u00e3o Nacional da Ind\u00fastria (CNI). Ap\u00f3s leve alta em maio em rela\u00e7\u00e3o a abril, os dois indicadores recuaram em junho na compara\u00e7\u00e3o com o m\u00eas anterior, ficando em 37,5 pontos e 35,9 pontos, respectivamente, em uma escala de 0 a 100. Valores acima de 50 indicam aumento.<\/p>\n<p>A Utiliza\u00e7\u00e3o da Capacidade de Opera\u00e7\u00e3o (UCO) tamb\u00e9m recuou no m\u00eas de junho. O \u00edndice, que havia registrado varia\u00e7\u00e3o positiva de 1 ponto percentual de abril para maio, passou de 61%, em maio, para 60%, junho, o que mostra que 40% do parque industrial est\u00e3o ociosos.<\/p>\n<p>Segundo o levantamento, feito entre os dias 1\u00ba e 13 de julho, com 607 empresas do segmento, o n\u00edvel de atividade diminuiu de 37,7 pontos, em maio, para 37,5 pontos, em junho. J\u00e1 em rela\u00e7\u00e3o ao n\u00famero de empregados, o indicador passou de 36,6 pontos, para 35,9 pontos no mesmo per\u00edodo.<\/p>\n<p>A leve retra\u00e7\u00e3o no n\u00edvel de atividade da constru\u00e7\u00e3o em junho foi puxada pelas empresas de pequeno porte, que, em maio, haviam registrado 38,6 pontos e passaram para 35,5 pontos no m\u00eas passado. As empresas de grande porte ouvidas pela CNI e pela C\u00e2mara Brasileira da Ind\u00fastria da Constru\u00e7\u00e3o (Cbic) tiveram queda no n\u00edvel de atividade, de 38 pontos, em maio, para 37,9, em junho. J\u00e1 as companhias de m\u00e9dio porte apresentaram varia\u00e7\u00e3o positiva do indicador no per\u00edodo, passando de 36,5 pontos para 38,1 pontos.<\/p>\n<p>O cen\u00e1rio \u00e9 semelhante em rela\u00e7\u00e3o ao n\u00famero de empegados. Enquanto as pequenas e as grandes empresas reduziram o n\u00famero de trabalhadores (de 38,1 pontos para 35,8 pontos e de 37,1 pontos para 35,1 pontos, respectivamente), as empresas de m\u00e9dio porte tiverem crescimento da m\u00e3o de obra, passando de 34,9 pontos, em maio, para 37,4 pontos, em junho.<\/p>\n<p>De acordo com a pesquisa, a situa\u00e7\u00e3o financeira das empresas do setor piorou no segundo trimestre do ano, passando de 38,3 pontos, para 37,2 pontos. A margem de lucro operacional tamb\u00e9m recuou no per\u00edodo, passando de 34,7 pontos, no primeiro trimestre do ano, para 32,7 pontos no segundo.<\/p>\n<p>De acordo com CNI, os empres\u00e1rios atribuem o cen\u00e1rio negativo \u00e0 alta carga tribut\u00e1ria, \u00e0s elevadas taxas de juros e \u00e0 inadimpl\u00eancia dos clientes. Esses problemas foram citados por 35,4%, 35% e 30,5% dos entrevistados, respectivamente. Em quarto e quinto lugares, aparecem a demanda interna insuficiente (27,6%) e a falta de capital de giro (27,2%).<\/p>\n<p>&#8220;Com os resultados negativos do primeiro semestre, a expectativa dos empres\u00e1rios para os pr\u00f3ximos seis meses \u00e9 negativa. Eles esperam uma queda ainda maior do n\u00edvel de atividade, do lan\u00e7amento de novos empreendimentos e do n\u00famero de empregados nos pr\u00f3ximos seis meses. A inten\u00e7\u00e3o de investimentos segue bastante reduzida&#8221;, avaliou o economista da CNI Marcelo Azevedo, em nota divulgada pela confedera\u00e7\u00e3o.<\/p>\n<p>Das 607 empresas ouvidas, 192 s\u00e3o de pequeno porte; 282, s\u00e3o m\u00e9dias; e 133, grandes.<\/p>\n<p>Ivan Richard &#8211; Rep\u00f3rter da Ag\u00eancia Brasil<br \/>\nEdi\u00e7\u00e3o: Juliana Andrade<\/p>\n","protected":false},"excerpt":{"rendered":"<p>O n\u00famero de empregados e o n\u00edvel de atividade da ind\u00fastria da constru\u00e7\u00e3o registraram queda no m\u00eas de junho, segundo a pesquisa Sondagem Ind\u00fastria da Constru\u00e7\u00e3o, divulgada pela Confedera\u00e7\u00e3o Nacional da Ind\u00fastria (CNI). Ap\u00f3s leve alta em maio em rela\u00e7\u00e3o a abril, os dois indicadores recuaram em junho na compara\u00e7\u00e3o com o m\u00eas anterior, ficando [&hellip;]<\/p>\n","protected":false},"author":2,"featured_media":57583,"comment_status":"open","ping_status":"closed","sticky":false,"template":"","format":"standard","meta":{"_genesis_hide_title":false,"_genesis_hide_breadcrumbs":false,"_genesis_hide_singular_image":false,"_genesis_hide_footer_widgets":false,"_genesis_custom_body_class":"","_genesis_custom_post_class":"","_genesis_layout":"","_jetpack_memberships_contains_paid_content":false,"footnotes":""},"categories":[22,7],"tags":[],"class_list":{"0":"post-73060","1":"post","2":"type-post","3":"status-publish","4":"format-standard","5":"has-post-thumbnail","7":"category-brasil","8":"category-economia","9":"entry","10":"gs-1","11":"gs-odd","12":"gs-even","13":"gs-featured-content-entry"},"jetpack_featured_media_url":"https:\/\/www.redenoticia.com.br\/noticia\/imagens\/economia-grafico.jpg","jetpack_sharing_enabled":true,"jetpack_likes_enabled":true,"_links":{"self":[{"href":"https:\/\/www.redenoticia.com.br\/noticia\/wp-json\/wp\/v2\/posts\/73060","targetHints":{"allow":["GET"]}}],"collection":[{"href":"https:\/\/www.redenoticia.com.br\/noticia\/wp-json\/wp\/v2\/posts"}],"about":[{"href":"https:\/\/www.redenoticia.com.br\/noticia\/wp-json\/wp\/v2\/types\/post"}],"author":[{"embeddable":true,"href":"https:\/\/www.redenoticia.com.br\/noticia\/wp-json\/wp\/v2\/users\/2"}],"replies":[{"embeddable":true,"href":"https:\/\/www.redenoticia.com.br\/noticia\/wp-json\/wp\/v2\/comments?post=73060"}],"version-history":[{"count":0,"href":"https:\/\/www.redenoticia.com.br\/noticia\/wp-json\/wp\/v2\/posts\/73060\/revisions"}],"wp:featuredmedia":[{"embeddable":true,"href":"https:\/\/www.redenoticia.com.br\/noticia\/wp-json\/wp\/v2\/media\/57583"}],"wp:attachment":[{"href":"https:\/\/www.redenoticia.com.br\/noticia\/wp-json\/wp\/v2\/media?parent=73060"}],"wp:term":[{"taxonomy":"category","embeddable":true,"href":"https:\/\/www.redenoticia.com.br\/noticia\/wp-json\/wp\/v2\/categories?post=73060"},{"taxonomy":"post_tag","embeddable":true,"href":"https:\/\/www.redenoticia.com.br\/noticia\/wp-json\/wp\/v2\/tags?post=73060"}],"curies":[{"name":"wp","href":"https:\/\/api.w.org\/{rel}","templated":true}]}}