{"id":73056,"date":"2015-07-23T16:59:06","date_gmt":"2015-07-23T19:59:06","guid":{"rendered":"http:\/\/www.redenoticia.com.br\/noticia\/?p=73056"},"modified":"2015-07-23T16:59:06","modified_gmt":"2015-07-23T19:59:06","slug":"pedagio-na-via-dutra-fica-ate-168-mais-caro-a-partir-de-1o-de-agosto","status":"publish","type":"post","link":"https:\/\/www.redenoticia.com.br\/noticia\/2015\/pedagio-na-via-dutra-fica-ate-168-mais-caro-a-partir-de-1o-de-agosto\/73056","title":{"rendered":"Ped\u00e1gio na Via Dutra fica at\u00e9 16,8% mais caro a partir de 1\u00ba de agosto"},"content":{"rendered":"<p> A Ag\u00eancia Nacional de Transportes Terrestres (ANTT) autorizou o <strong><em>reajuste da tarifa b\u00e1sica de ped\u00e1gio<\/em><\/strong> em v\u00e1rios postos de cobran\u00e7a ao longo da Rodovia Presidente Dutra, que liga o Rio de Janeiro a S\u00e3o Paulo. Os reajustes variam entre 6,9% e 16,8%.<\/p>\n<p>Segundo resolu\u00e7\u00e3o da ANTT publicada hoje no Di\u00e1rio Oficial da Uni\u00e3o, nas pra\u00e7as de Moreira C\u00e9sar, Itatiaia e Vi\u00fava Gra\u00e7a, o valor do ped\u00e1gio para carros, caminhonetes e furg\u00f5es passa de R$ 10,90 para 12,70. Em Aruj\u00e1, Guararema Norte e Guararema Sul, o valor a ser pago pelos motoristas sobe de R$ 2,70 para R$ 2,90, enquanto, na pra\u00e7a de ped\u00e1gio de Jacare\u00ed, os condutores ter\u00e3o que desembolsar R$ 5,30. Antes, o valor cobrado no local era R$ 4,80.<\/p>\n<p>J\u00e1 os motoristas de caminh\u00e3o e \u00f4nibus pagar\u00e3o R$ 38,10 nas pra\u00e7as de Moreira Cesar, Itatiaia e Vi\u00fava Gra\u00e7a; R$ 9,30, em Aruj\u00e1, Guararema Norte e Guararema Sul; e R$ 16,80 na pra\u00e7a de ped\u00e1gio de Jacare\u00ed.<\/p>\n<p>De acordo com a ANTT, os novos valores entram em vigor em 1\u00ba de agosto.<\/p>\n<p>Ivan Richard &#8211; Rep\u00f3rter da Ag\u00eancia Brasil<br \/>\nEdi\u00e7\u00e3o: Juliana Andrade<\/p>\n","protected":false},"excerpt":{"rendered":"<p>A Ag\u00eancia Nacional de Transportes Terrestres (ANTT) autorizou o reajuste da tarifa b\u00e1sica de ped\u00e1gio em v\u00e1rios postos de cobran\u00e7a ao longo da Rodovia Presidente Dutra, que liga o Rio de Janeiro a S\u00e3o Paulo. Os reajustes variam entre 6,9% e 16,8%. Segundo resolu\u00e7\u00e3o da ANTT publicada hoje no Di\u00e1rio Oficial da Uni\u00e3o, nas pra\u00e7as [&hellip;]<\/p>\n","protected":false},"author":2,"featured_media":35207,"comment_status":"open","ping_status":"closed","sticky":false,"template":"","format":"standard","meta":{"_genesis_hide_title":false,"_genesis_hide_breadcrumbs":false,"_genesis_hide_singular_image":false,"_genesis_hide_footer_widgets":false,"_genesis_custom_body_class":"","_genesis_custom_post_class":"","_genesis_layout":"","_jetpack_memberships_contains_paid_content":false,"footnotes":""},"categories":[22,7],"tags":[],"class_list":{"0":"post-73056","1":"post","2":"type-post","3":"status-publish","4":"format-standard","5":"has-post-thumbnail","7":"category-brasil","8":"category-economia","9":"entry","10":"gs-1","11":"gs-odd","12":"gs-even","13":"gs-featured-content-entry"},"jetpack_featured_media_url":"https:\/\/www.redenoticia.com.br\/noticia\/imagens\/transito-estradas.jpg","jetpack_sharing_enabled":true,"jetpack_likes_enabled":true,"_links":{"self":[{"href":"https:\/\/www.redenoticia.com.br\/noticia\/wp-json\/wp\/v2\/posts\/73056","targetHints":{"allow":["GET"]}}],"collection":[{"href":"https:\/\/www.redenoticia.com.br\/noticia\/wp-json\/wp\/v2\/posts"}],"about":[{"href":"https:\/\/www.redenoticia.com.br\/noticia\/wp-json\/wp\/v2\/types\/post"}],"author":[{"embeddable":true,"href":"https:\/\/www.redenoticia.com.br\/noticia\/wp-json\/wp\/v2\/users\/2"}],"replies":[{"embeddable":true,"href":"https:\/\/www.redenoticia.com.br\/noticia\/wp-json\/wp\/v2\/comments?post=73056"}],"version-history":[{"count":0,"href":"https:\/\/www.redenoticia.com.br\/noticia\/wp-json\/wp\/v2\/posts\/73056\/revisions"}],"wp:featuredmedia":[{"embeddable":true,"href":"https:\/\/www.redenoticia.com.br\/noticia\/wp-json\/wp\/v2\/media\/35207"}],"wp:attachment":[{"href":"https:\/\/www.redenoticia.com.br\/noticia\/wp-json\/wp\/v2\/media?parent=73056"}],"wp:term":[{"taxonomy":"category","embeddable":true,"href":"https:\/\/www.redenoticia.com.br\/noticia\/wp-json\/wp\/v2\/categories?post=73056"},{"taxonomy":"post_tag","embeddable":true,"href":"https:\/\/www.redenoticia.com.br\/noticia\/wp-json\/wp\/v2\/tags?post=73056"}],"curies":[{"name":"wp","href":"https:\/\/api.w.org\/{rel}","templated":true}]}}