{"id":73012,"date":"2015-07-22T13:50:43","date_gmt":"2015-07-22T16:50:43","guid":{"rendered":"http:\/\/www.redenoticia.com.br\/noticia\/?p=73012"},"modified":"2015-07-22T13:50:43","modified_gmt":"2015-07-22T16:50:43","slug":"previa-da-inflacao-oficial-acumula-alta-de-925-em-12-meses","status":"publish","type":"post","link":"https:\/\/www.redenoticia.com.br\/noticia\/2015\/previa-da-inflacao-oficial-acumula-alta-de-925-em-12-meses\/73012","title":{"rendered":"Pr\u00e9via da infla\u00e7\u00e3o oficial acumula alta de 9,25% em 12 meses"},"content":{"rendered":"<p> A pr\u00e9via da <strong><em>infla\u00e7\u00e3o<\/em><\/strong> oficial medida pelo \u00cdndice Nacional de Pre\u00e7os ao Consumidor Amplo 15 (IPCA-15) ficou em 0,59% em julho, desacelerando 0,40 ponto percentual em rela\u00e7\u00e3o ao m\u00eas anterior. Em junho, o \u00edndice foi 0,99%. O IPCA-15 dos primeiros sete meses do ano fechou com alta acumulada de 6,9%. A infla\u00e7\u00e3o dos \u00faltimos doze meses totaliza alta de 9,25%.<\/p>\n<p>Os dados do IPCA-15 foram divulgados pelo Instituto Brasileiro de Geografia e Estat\u00edstica (IBGE). A taxa de julho deste ano foi a mais elevada desde julho de 2008, quando atingiu 0,63%.<\/p>\n<p>O acumulado do ano ficou acima dos 4,17% do mesmo per\u00edodo do ano anterior. J\u00e1 o \u00edndice de 9,25%, referente ao acumulado dos \u00faltimos 12 meses, superou a taxa de 8,8% do per\u00edodo anterior. O \u00edndice foi o mais elevado em 12 meses desde dezembro de 2003, quando atingiu 9,86%.<\/p>\n<p>Nielmar de Oliveira \u2013 Rep\u00f3rter da Ag\u00eancia Brasil<br \/>\nEdi\u00e7\u00e3o: Jos\u00e9 Romildo<\/p>\n<p>&#8212;<br \/>\nSobre a Ebc<\/p>\n<p>A Empresa Brasil de Comunica\u00e7\u00e3o \u00e9 uma institui\u00e7\u00e3o da democracia brasileira: p\u00fablica, inclusiva e cidad\u00e3.  Criada em 2007 para fortalecer o sistema p\u00fablico de comunica\u00e7\u00e3o, \u00e9 gestora dos canais TV Brasil, TV Brasil Internacional, Ag\u00eancia Brasil, Radioag\u00eancia Nacional e do sistema p\u00fablico de R\u00e1dio \u2013 composto por oito emissoras. Estes, por sua independ\u00eancia editorial, distinguem-se dos canais estatais ou governamentais, com conte\u00fados diferenciados e complementares aos canais privados.<br \/>\nOs ve\u00edculos da EBC t\u00eam autonomia para definir produ\u00e7\u00e3o, programa\u00e7\u00e3o e distribui\u00e7\u00e3o de conte\u00fados.<\/p>\n","protected":false},"excerpt":{"rendered":"<p>A pr\u00e9via da infla\u00e7\u00e3o oficial medida pelo \u00cdndice Nacional de Pre\u00e7os ao Consumidor Amplo 15 (IPCA-15) ficou em 0,59% em julho, desacelerando 0,40 ponto percentual em rela\u00e7\u00e3o ao m\u00eas anterior. Em junho, o \u00edndice foi 0,99%. O IPCA-15 dos primeiros sete meses do ano fechou com alta acumulada de 6,9%. A infla\u00e7\u00e3o dos \u00faltimos doze [&hellip;]<\/p>\n","protected":false},"author":2,"featured_media":57584,"comment_status":"open","ping_status":"closed","sticky":false,"template":"","format":"standard","meta":{"_genesis_hide_title":false,"_genesis_hide_breadcrumbs":false,"_genesis_hide_singular_image":false,"_genesis_hide_footer_widgets":false,"_genesis_custom_body_class":"","_genesis_custom_post_class":"","_genesis_layout":"","_jetpack_memberships_contains_paid_content":false,"footnotes":""},"categories":[22,7],"tags":[],"class_list":{"0":"post-73012","1":"post","2":"type-post","3":"status-publish","4":"format-standard","5":"has-post-thumbnail","7":"category-brasil","8":"category-economia","9":"entry","10":"gs-1","11":"gs-odd","12":"gs-even","13":"gs-featured-content-entry"},"jetpack_featured_media_url":"https:\/\/www.redenoticia.com.br\/noticia\/imagens\/economia-grafica-analise-inflacao.jpg","jetpack_sharing_enabled":true,"jetpack_likes_enabled":true,"_links":{"self":[{"href":"https:\/\/www.redenoticia.com.br\/noticia\/wp-json\/wp\/v2\/posts\/73012","targetHints":{"allow":["GET"]}}],"collection":[{"href":"https:\/\/www.redenoticia.com.br\/noticia\/wp-json\/wp\/v2\/posts"}],"about":[{"href":"https:\/\/www.redenoticia.com.br\/noticia\/wp-json\/wp\/v2\/types\/post"}],"author":[{"embeddable":true,"href":"https:\/\/www.redenoticia.com.br\/noticia\/wp-json\/wp\/v2\/users\/2"}],"replies":[{"embeddable":true,"href":"https:\/\/www.redenoticia.com.br\/noticia\/wp-json\/wp\/v2\/comments?post=73012"}],"version-history":[{"count":0,"href":"https:\/\/www.redenoticia.com.br\/noticia\/wp-json\/wp\/v2\/posts\/73012\/revisions"}],"wp:featuredmedia":[{"embeddable":true,"href":"https:\/\/www.redenoticia.com.br\/noticia\/wp-json\/wp\/v2\/media\/57584"}],"wp:attachment":[{"href":"https:\/\/www.redenoticia.com.br\/noticia\/wp-json\/wp\/v2\/media?parent=73012"}],"wp:term":[{"taxonomy":"category","embeddable":true,"href":"https:\/\/www.redenoticia.com.br\/noticia\/wp-json\/wp\/v2\/categories?post=73012"},{"taxonomy":"post_tag","embeddable":true,"href":"https:\/\/www.redenoticia.com.br\/noticia\/wp-json\/wp\/v2\/tags?post=73012"}],"curies":[{"name":"wp","href":"https:\/\/api.w.org\/{rel}","templated":true}]}}