{"id":73008,"date":"2015-07-22T13:47:17","date_gmt":"2015-07-22T16:47:17","guid":{"rendered":"http:\/\/www.redenoticia.com.br\/noticia\/?p=73008"},"modified":"2015-07-22T13:47:17","modified_gmt":"2015-07-22T16:47:17","slug":"governo-publica-lei-com-reajuste-escalonado-da-tabela-do-imposto-de-renda","status":"publish","type":"post","link":"https:\/\/www.redenoticia.com.br\/noticia\/2015\/governo-publica-lei-com-reajuste-escalonado-da-tabela-do-imposto-de-renda\/73008","title":{"rendered":"Governo publica lei com reajuste escalonado da tabela do Imposto de Renda"},"content":{"rendered":"<p> O governo publicou no Di\u00e1rio Oficial da Uni\u00e3o a lei que estabelece reajuste escalonado na tabela do <strong><em>Imposto de Renda<\/em><\/strong>. O governo j\u00e1 havia definido o escalonamento por meio de Medida Provis\u00f3ria (MP), em vigor desde abril deste ano. A MP foi aprovada pelo Congresso e convertida em lei.<\/p>\n<p>Com a corre\u00e7\u00e3o, quem ganha at\u00e9 R$ 1.903,98 estar\u00e1 isento do imposto. Na faixa entre R$ 1.903,99 e R$ 2.826,65, o contribuinte pagar\u00e1 7,5% de Imposto de Renda. A al\u00edquota de 15% passar\u00e1 a incidir sobre as rendas entre R$ 2.826,66 e R$ 3.751,05. Na quarta faixa, est\u00e3o os contribuintes que ganham entre R$ 3.751,06 e R$ 4.664,68, que pagar\u00e3o imposto de 22%. A maior al\u00edquota, de 27,5% passa a ser aplicada a quem recebe a partir de R$ 4.664,69. A lei estabelece que, nas duas primeiras faixas salariais, o reajuste \u00e9 6,5%. Na terceira faixa, o reajuste \u00e9 5,5%; na quarta faixa ser\u00e1 reajustado em 5%; e, na \u00faltima faixa \u2013 que contempla os sal\u00e1rios mais altos \u2013, ser\u00e1 reajustado em 4,5%.<\/p>\n<p>Os reajustes surgiram de negocia\u00e7\u00f5es do governo com o Congresso para manter o veto da presidenta Dilma Rousseff ao reajuste linear de 6,5% na tabela.<\/p>\n<p>Na lei publicada hoje, a presidenta vetou duas isen\u00e7\u00f5es de tributos inclu\u00eddas no Senado. Uma das medidas previa a isen\u00e7\u00e3o de imposto na aquisi\u00e7\u00e3o de livros por professores e seus dependentes, que poderia chegar a R$ 3.561,50. Tamb\u00e9m foi vetada a emenda que isentava o \u00f3leo diesel do Programa de Integra\u00e7\u00e3o Social (PIS) e da Contribui\u00e7\u00e3o para o Financiamento da Seguridade Social (Cofins).<\/p>\n<p>Na explica\u00e7\u00e3o para o veto, a presidenta argumenta que as medidas resultariam em ren\u00fancia de arrecada\u00e7\u00e3o e que n\u00e3o foram apresentadas as estimativas de impacto e as devidas compensa\u00e7\u00f5es financeiras.<\/p>\n<p>Kelly Oliveira &#8211; Rep\u00f3rter da Ag\u00eancia Brasil<br \/>\nEdi\u00e7\u00e3o: Jos\u00e9 Romildo<\/p>\n","protected":false},"excerpt":{"rendered":"<p>O governo publicou no Di\u00e1rio Oficial da Uni\u00e3o a lei que estabelece reajuste escalonado na tabela do Imposto de Renda. O governo j\u00e1 havia definido o escalonamento por meio de Medida Provis\u00f3ria (MP), em vigor desde abril deste ano. A MP foi aprovada pelo Congresso e convertida em lei. Com a corre\u00e7\u00e3o, quem ganha at\u00e9 [&hellip;]<\/p>\n","protected":false},"author":2,"featured_media":23889,"comment_status":"open","ping_status":"closed","sticky":false,"template":"","format":"standard","meta":{"_genesis_hide_title":false,"_genesis_hide_breadcrumbs":false,"_genesis_hide_singular_image":false,"_genesis_hide_footer_widgets":false,"_genesis_custom_body_class":"","_genesis_custom_post_class":"","_genesis_layout":"","_jetpack_memberships_contains_paid_content":false,"footnotes":""},"categories":[22,7],"tags":[],"class_list":{"0":"post-73008","1":"post","2":"type-post","3":"status-publish","4":"format-standard","5":"has-post-thumbnail","7":"category-brasil","8":"category-economia","9":"entry","10":"gs-1","11":"gs-odd","12":"gs-even","13":"gs-featured-content-entry"},"jetpack_featured_media_url":"https:\/\/www.redenoticia.com.br\/noticia\/imagens\/receita-federal-irpf-2010.jpg","jetpack_sharing_enabled":true,"jetpack_likes_enabled":true,"_links":{"self":[{"href":"https:\/\/www.redenoticia.com.br\/noticia\/wp-json\/wp\/v2\/posts\/73008","targetHints":{"allow":["GET"]}}],"collection":[{"href":"https:\/\/www.redenoticia.com.br\/noticia\/wp-json\/wp\/v2\/posts"}],"about":[{"href":"https:\/\/www.redenoticia.com.br\/noticia\/wp-json\/wp\/v2\/types\/post"}],"author":[{"embeddable":true,"href":"https:\/\/www.redenoticia.com.br\/noticia\/wp-json\/wp\/v2\/users\/2"}],"replies":[{"embeddable":true,"href":"https:\/\/www.redenoticia.com.br\/noticia\/wp-json\/wp\/v2\/comments?post=73008"}],"version-history":[{"count":0,"href":"https:\/\/www.redenoticia.com.br\/noticia\/wp-json\/wp\/v2\/posts\/73008\/revisions"}],"wp:featuredmedia":[{"embeddable":true,"href":"https:\/\/www.redenoticia.com.br\/noticia\/wp-json\/wp\/v2\/media\/23889"}],"wp:attachment":[{"href":"https:\/\/www.redenoticia.com.br\/noticia\/wp-json\/wp\/v2\/media?parent=73008"}],"wp:term":[{"taxonomy":"category","embeddable":true,"href":"https:\/\/www.redenoticia.com.br\/noticia\/wp-json\/wp\/v2\/categories?post=73008"},{"taxonomy":"post_tag","embeddable":true,"href":"https:\/\/www.redenoticia.com.br\/noticia\/wp-json\/wp\/v2\/tags?post=73008"}],"curies":[{"name":"wp","href":"https:\/\/api.w.org\/{rel}","templated":true}]}}