{"id":72947,"date":"2015-07-21T16:25:54","date_gmt":"2015-07-21T19:25:54","guid":{"rendered":"http:\/\/www.redenoticia.com.br\/noticia\/?p=72947"},"modified":"2015-07-21T16:25:54","modified_gmt":"2015-07-21T19:25:54","slug":"intencao-de-consumo-das-familias-cai-27-em-um-ano-mostra-cnc","status":"publish","type":"post","link":"https:\/\/www.redenoticia.com.br\/noticia\/2015\/intencao-de-consumo-das-familias-cai-27-em-um-ano-mostra-cnc\/72947","title":{"rendered":"Inten\u00e7\u00e3o de consumo das fam\u00edlias cai 27% em um ano, mostra CNC"},"content":{"rendered":"<p> A <strong><em>Inten\u00e7\u00e3o de Consumo<\/em><\/strong> das Fam\u00edlias (ICF) caiu 5,3% em julho deste ano na compara\u00e7\u00e3o com junho, informou a Confedera\u00e7\u00e3o Nacional do Com\u00e9rcio de Bens, Servi\u00e7os e Turismo (CNC). Segundo a entidade, quando a compara\u00e7\u00e3o \u00e9 com julho do ano passado a queda \u00e9 bem maior: 27,9%.<\/p>\n<p>Com a queda, o indicador de julho, em rela\u00e7\u00e3o ao m\u00eas anterior, atingiu 86,9 pontos. Quanto mais baixa \u00e9 a pontua\u00e7\u00e3o em rela\u00e7\u00e3o a 100, mais pessimista \u00e9 o cen\u00e1rio de consumo do pa\u00eds.<\/p>\n<p>A queda chegou a 27,9% na compara\u00e7\u00e3o com o mesmo m\u00eas do ano passado. A inten\u00e7\u00e3o de consumo mant\u00e9m o ritmo de queda pelo sexto m\u00eas consecutivo, permanecendo abaixo dos 100 pontos.<\/p>\n<p>A compara\u00e7\u00e3o mensal do n\u00edvel de confian\u00e7a das fam\u00edlias com renda maior que dez sal\u00e1rios m\u00ednimos atingiu, em julho, 6,5% (85,1 pontos), o que indica recuo superior ao registrado entre aquelas com renda inferior a dez sal\u00e1rios m\u00ednimos, que foi 5,1% (87,4 pontos).<\/p>\n<p>A pesquisa, que ouviu consumidores nas capitais do pa\u00eds, mostra que todos os indicadores ligados ao consumo est\u00e3o na zona negativa. O componente N\u00edvel de Consumo Atual, por exemplo, ficou em 67,2 pontos, em julho, com queda de 4,4% em rela\u00e7\u00e3o a junho, e de 32,5% em rela\u00e7\u00e3o ao mesmo per\u00edodo de 2014. Mais da metade das fam\u00edlias (51,5%) declararam estar com o n\u00edvel de consumo menor que o do passado.<\/p>\n<p>Nielmar de Oliveira &#8211; Rep\u00f3rter da Ag\u00eancia Brasil<br \/>\nEdi\u00e7\u00e3o: Jos\u00e9 Romildo<\/p>\n","protected":false},"excerpt":{"rendered":"<p>A Inten\u00e7\u00e3o de Consumo das Fam\u00edlias (ICF) caiu 5,3% em julho deste ano na compara\u00e7\u00e3o com junho, informou a Confedera\u00e7\u00e3o Nacional do Com\u00e9rcio de Bens, Servi\u00e7os e Turismo (CNC). Segundo a entidade, quando a compara\u00e7\u00e3o \u00e9 com julho do ano passado a queda \u00e9 bem maior: 27,9%. Com a queda, o indicador de julho, em [&hellip;]<\/p>\n","protected":false},"author":2,"featured_media":57584,"comment_status":"open","ping_status":"closed","sticky":false,"template":"","format":"standard","meta":{"_genesis_hide_title":false,"_genesis_hide_breadcrumbs":false,"_genesis_hide_singular_image":false,"_genesis_hide_footer_widgets":false,"_genesis_custom_body_class":"","_genesis_custom_post_class":"","_genesis_layout":"","_jetpack_memberships_contains_paid_content":false,"footnotes":""},"categories":[22,7],"tags":[],"class_list":{"0":"post-72947","1":"post","2":"type-post","3":"status-publish","4":"format-standard","5":"has-post-thumbnail","7":"category-brasil","8":"category-economia","9":"entry","10":"gs-1","11":"gs-odd","12":"gs-even","13":"gs-featured-content-entry"},"jetpack_featured_media_url":"https:\/\/www.redenoticia.com.br\/noticia\/imagens\/economia-grafica-analise-inflacao.jpg","jetpack_sharing_enabled":true,"jetpack_likes_enabled":true,"_links":{"self":[{"href":"https:\/\/www.redenoticia.com.br\/noticia\/wp-json\/wp\/v2\/posts\/72947","targetHints":{"allow":["GET"]}}],"collection":[{"href":"https:\/\/www.redenoticia.com.br\/noticia\/wp-json\/wp\/v2\/posts"}],"about":[{"href":"https:\/\/www.redenoticia.com.br\/noticia\/wp-json\/wp\/v2\/types\/post"}],"author":[{"embeddable":true,"href":"https:\/\/www.redenoticia.com.br\/noticia\/wp-json\/wp\/v2\/users\/2"}],"replies":[{"embeddable":true,"href":"https:\/\/www.redenoticia.com.br\/noticia\/wp-json\/wp\/v2\/comments?post=72947"}],"version-history":[{"count":0,"href":"https:\/\/www.redenoticia.com.br\/noticia\/wp-json\/wp\/v2\/posts\/72947\/revisions"}],"wp:featuredmedia":[{"embeddable":true,"href":"https:\/\/www.redenoticia.com.br\/noticia\/wp-json\/wp\/v2\/media\/57584"}],"wp:attachment":[{"href":"https:\/\/www.redenoticia.com.br\/noticia\/wp-json\/wp\/v2\/media?parent=72947"}],"wp:term":[{"taxonomy":"category","embeddable":true,"href":"https:\/\/www.redenoticia.com.br\/noticia\/wp-json\/wp\/v2\/categories?post=72947"},{"taxonomy":"post_tag","embeddable":true,"href":"https:\/\/www.redenoticia.com.br\/noticia\/wp-json\/wp\/v2\/tags?post=72947"}],"curies":[{"name":"wp","href":"https:\/\/api.w.org\/{rel}","templated":true}]}}