{"id":72945,"date":"2015-07-21T16:23:49","date_gmt":"2015-07-21T19:23:49","guid":{"rendered":"http:\/\/www.redenoticia.com.br\/noticia\/?p=72945"},"modified":"2015-07-21T16:23:49","modified_gmt":"2015-07-21T19:23:49","slug":"industria-registra-queda-na-producao-e-no-emprego-em-junho","status":"publish","type":"post","link":"https:\/\/www.redenoticia.com.br\/noticia\/2015\/industria-registra-queda-na-producao-e-no-emprego-em-junho\/72945","title":{"rendered":"Ind\u00fastria registra queda na produ\u00e7\u00e3o e no emprego em junho"},"content":{"rendered":"<p> Em junho, a <strong><em>ind\u00fastria teve queda na produ\u00e7\u00e3o e no emprego<\/em><\/strong>. De acordo com a sondagem do setor, divulgada pela Confedera\u00e7\u00e3o Nacional da Ind\u00fastria (CNI), o \u00edndice de produ\u00e7\u00e3o continuou abaixo dos 50 pontos e alcan\u00e7ou 40,3 pontos no m\u00eas passado, 1,4 ponto inferior ao observado em maio. Esse indicador varia de 0 a 100, e valores abaixo de 50 indicam diminui\u00e7\u00e3o da produ\u00e7\u00e3o frente ao m\u00eas anterior.<\/p>\n<p>Segundo a pesquisa, o \u00edndice de n\u00famero de empregados ficou em 40,7 pontos no m\u00eas, mantendo-se abaixo dos 50 pontos e com varia\u00e7\u00e3o negativa de 0,7 pontos em rela\u00e7\u00e3o a maio (dentro da margem de erro da pesquisa).<\/p>\n<p>O uso da capacidade instalada, que mede o grau de ociosidade do setor, caiu mais 1 ponto em junho e marcou 65% da capacidade produtiva, o menor percentual j\u00e1 registrado para a s\u00e9rie mensal, iniciada em janeiro de 2011.<\/p>\n<p>Para 44,8% dos empres\u00e1rios entrevistados, atualmente o principal problema \u00e9 a elevada carga tribut\u00e1ria. \u201cEsse resultado sugere que as recentes medidas do governo federal para o cumprimento do ajuste fiscal e as discuss\u00f5es sobre o tema teriam aumentado ainda mais a preocupa\u00e7\u00e3o com os efeitos delet\u00e9rios da tributa\u00e7\u00e3o sobre as empresas\u201d, diz CNI, na sondagem.<\/p>\n<p>Pessimismo<\/p>\n<p>Segundo a CNI, as expectativas dos empres\u00e1rios da ind\u00fastria est\u00e3o cada vez mais pessimistas. Os indicadores de expectativa tamb\u00e9m variam de 0 a 100. Valores abaixo de 50 indicam expectativa de redu\u00e7\u00e3o da demanda, do n\u00famero de empregos, da compra de mat\u00e9rias-primas ou da quantidade exportada nos pr\u00f3ximos seis meses.<\/p>\n<p>Os \u00edndices que representam as expectativas da demanda, de compras de mat\u00e9rias-primas e de empregados foram respectivamente de 46,6, 44,6 e 41,1 pontos em julho. De acordo com a CNI, enquanto os dois primeiros oscilaram dentro da margem de erro entre junho e julho, o \u00edndice de expectativas de n\u00famero de empregados recuou um ponto.<\/p>\n<p>A exce\u00e7\u00e3o foi a estabilidade na expectativa de exporta\u00e7\u00e3o: o \u00edndice alcan\u00e7ou 49,9 pontos em julho, aumento de 1,5 pontos em rela\u00e7\u00e3o ao m\u00eas anterior. \u201cPr\u00f3ximo \u00e0 linha divis\u00f3ria, esse \u00edndice revela que h\u00e1 expectativa de manuten\u00e7\u00e3o da quantidade exportada para os pr\u00f3ximos seis meses. Essa exce\u00e7\u00e3o pode ser decorrente da desvaloriza\u00e7\u00e3o do real em 2015 e da redu\u00e7\u00e3o da volatilidade de sua taxa frente ao d\u00f3lar\u201d, diz a CNI.<\/p>\n<p>A inten\u00e7\u00e3o de investimento da ind\u00fastria caiu para 41,3 pontos em julho, o menor valor desde o inicio da s\u00e9rie hist\u00f3rica em novembro de 2013.<\/p>\n<p>Kelly Oliveira \u2013 Rep\u00f3rter da Ag\u00eancia Brasil<br \/>\nEdi\u00e7\u00e3o: Jos\u00e9 Romildo<\/p>\n","protected":false},"excerpt":{"rendered":"<p>Em junho, a ind\u00fastria teve queda na produ\u00e7\u00e3o e no emprego. De acordo com a sondagem do setor, divulgada pela Confedera\u00e7\u00e3o Nacional da Ind\u00fastria (CNI), o \u00edndice de produ\u00e7\u00e3o continuou abaixo dos 50 pontos e alcan\u00e7ou 40,3 pontos no m\u00eas passado, 1,4 ponto inferior ao observado em maio. Esse indicador varia de 0 a 100, [&hellip;]<\/p>\n","protected":false},"author":2,"featured_media":57583,"comment_status":"open","ping_status":"closed","sticky":false,"template":"","format":"standard","meta":{"_genesis_hide_title":false,"_genesis_hide_breadcrumbs":false,"_genesis_hide_singular_image":false,"_genesis_hide_footer_widgets":false,"_genesis_custom_body_class":"","_genesis_custom_post_class":"","_genesis_layout":"","_jetpack_memberships_contains_paid_content":false,"footnotes":""},"categories":[22,7],"tags":[],"class_list":{"0":"post-72945","1":"post","2":"type-post","3":"status-publish","4":"format-standard","5":"has-post-thumbnail","7":"category-brasil","8":"category-economia","9":"entry","10":"gs-1","11":"gs-odd","12":"gs-even","13":"gs-featured-content-entry"},"jetpack_featured_media_url":"https:\/\/www.redenoticia.com.br\/noticia\/imagens\/economia-grafico.jpg","jetpack_sharing_enabled":true,"jetpack_likes_enabled":true,"_links":{"self":[{"href":"https:\/\/www.redenoticia.com.br\/noticia\/wp-json\/wp\/v2\/posts\/72945","targetHints":{"allow":["GET"]}}],"collection":[{"href":"https:\/\/www.redenoticia.com.br\/noticia\/wp-json\/wp\/v2\/posts"}],"about":[{"href":"https:\/\/www.redenoticia.com.br\/noticia\/wp-json\/wp\/v2\/types\/post"}],"author":[{"embeddable":true,"href":"https:\/\/www.redenoticia.com.br\/noticia\/wp-json\/wp\/v2\/users\/2"}],"replies":[{"embeddable":true,"href":"https:\/\/www.redenoticia.com.br\/noticia\/wp-json\/wp\/v2\/comments?post=72945"}],"version-history":[{"count":0,"href":"https:\/\/www.redenoticia.com.br\/noticia\/wp-json\/wp\/v2\/posts\/72945\/revisions"}],"wp:featuredmedia":[{"embeddable":true,"href":"https:\/\/www.redenoticia.com.br\/noticia\/wp-json\/wp\/v2\/media\/57583"}],"wp:attachment":[{"href":"https:\/\/www.redenoticia.com.br\/noticia\/wp-json\/wp\/v2\/media?parent=72945"}],"wp:term":[{"taxonomy":"category","embeddable":true,"href":"https:\/\/www.redenoticia.com.br\/noticia\/wp-json\/wp\/v2\/categories?post=72945"},{"taxonomy":"post_tag","embeddable":true,"href":"https:\/\/www.redenoticia.com.br\/noticia\/wp-json\/wp\/v2\/tags?post=72945"}],"curies":[{"name":"wp","href":"https:\/\/api.w.org\/{rel}","templated":true}]}}