{"id":72939,"date":"2015-07-21T16:14:29","date_gmt":"2015-07-21T19:14:29","guid":{"rendered":"http:\/\/www.redenoticia.com.br\/noticia\/?p=72939"},"modified":"2015-07-21T16:14:29","modified_gmt":"2015-07-21T19:14:29","slug":"sistema-guarapiranga-amplia-capacidade-de-abastecimento-em-sp","status":"publish","type":"post","link":"https:\/\/www.redenoticia.com.br\/noticia\/2015\/sistema-guarapiranga-amplia-capacidade-de-abastecimento-em-sp\/72939","title":{"rendered":"Sistema Guarapiranga amplia capacidade de abastecimento em SP"},"content":{"rendered":"<p>Com capacidade aumentada em mil litros por segundo beneficiando cerca de 400 mil pessoas, a nova unidade de produ\u00e7\u00e3o da Esta\u00e7\u00e3o de Tratamento de \u00c1gua do Alto da Boa Vista (ETA ABV), do <strong><em>Sistema Guarapiranga<\/em><\/strong>, foi inagurada pelo governador de SPGeraldo Alckmin. Foram instaladas membranas ultrafiltrantes, uma tecnologia de ponta j\u00e1 empregada em pa\u00edses como Estados Unidos, Israel e Cingapura e que j\u00e1 vinha sendo adotada pela Sabesp na pr\u00f3pria ETA ABV e na ETA Rio Grande.<\/p>\n<p> &#8220;A ETA Boa Vista tinha capacidade para tratar 15 m\u00b3 por segundo e j\u00e1 estava lotada. Com as membranas ultrafiltrantes nesses cont\u00eaineres gigantes, o que h\u00e1 de mais moderno no tratamento de \u00e1gua, passaremos de 15 para 16 m\u00b3 por segundo&#8221;, disse Alckmin. O novo aumento de produ\u00e7\u00e3o de \u00e1gua tratada ajuda a reduzir a retirada do Sistema Cantareira, permitindo ao Guarapiranga, que hoje conta com \u00f3timo n\u00edvel de reserva\u00e7\u00e3o, avan\u00e7ar em novas \u00e1reas, principalmente na regi\u00e3o da Avenida Paulista, na capital.<\/p>\n<p>O uso de membranas tem uma s\u00e9rie de vantagens: o tratamento da \u00e1gua, que levaria pelo menos duas horas, em m\u00e9dia, \u00e9 realizado num per\u00edodo de 20 e 30 minutos, com funcionamento automatizado e utiliza\u00e7\u00e3o muito menor de produtos qu\u00edmicos. Outra vantagem dessa tecnologia \u00e9 a de ocupar um espa\u00e7o f\u00edsico muito menor. As membranas s\u00e3o importadas da Alemanha e o investimento realizado pela Sabesp \u00e9 de R$ 42 milh\u00f5es, com recursos pr\u00f3prios.<\/p>\n<p>A obra faz parte do pacote de interven\u00e7\u00f5es essenciais para o enfrentamento da crise h\u00eddrica, que j\u00e1 conta com a capta\u00e7\u00e3o do rio Guai\u00f3 conclu\u00edda (mais 1 m3\/s) e com a obra em constru\u00e7\u00e3o da liga\u00e7\u00e3o Rio Grande-Alto Tiet\u00ea (4 m3\/s), com cerca de 50% da extens\u00e3o conclu\u00edda.<\/p>\n<p>Amplia\u00e7\u00e3o<\/p>\n<p>No final de 2014, o Sistema Guarapiranga j\u00e1 teve a sua capacidade de produ\u00e7\u00e3o aumentada em mil litros\/s, passando de 14 mil litros\/s para 15 mil litros\/s, gra\u00e7as \u00e0 utiliza\u00e7\u00e3o das membranas na ETA ABV. A tecnologia tamb\u00e9m j\u00e1 \u00e9 utilizada pela Sabesp na ETA Rio Grande, produzindo 500 litros de \u00e1gua pot\u00e1vel por segundo, al\u00e9m do Aquapolo, onde \u00e9 usada para gerar \u00e1gua de re\u00faso com alto teor de refinamento.<\/p>\n<p>Do Portal do Governo do Estado<\/p>\n","protected":false},"excerpt":{"rendered":"<p>Com capacidade aumentada em mil litros por segundo beneficiando cerca de 400 mil pessoas, a nova unidade de produ\u00e7\u00e3o da Esta\u00e7\u00e3o de Tratamento de \u00c1gua do Alto da Boa Vista (ETA ABV), do Sistema Guarapiranga, foi inagurada pelo governador de SPGeraldo Alckmin. Foram instaladas membranas ultrafiltrantes, uma tecnologia de ponta j\u00e1 empregada em pa\u00edses como [&hellip;]<\/p>\n","protected":false},"author":2,"featured_media":34905,"comment_status":"open","ping_status":"closed","sticky":false,"template":"","format":"standard","meta":{"_genesis_hide_title":false,"_genesis_hide_breadcrumbs":false,"_genesis_hide_singular_image":false,"_genesis_hide_footer_widgets":false,"_genesis_custom_body_class":"","_genesis_custom_post_class":"","_genesis_layout":"","_jetpack_memberships_contains_paid_content":false,"footnotes":""},"categories":[22],"tags":[],"class_list":{"0":"post-72939","1":"post","2":"type-post","3":"status-publish","4":"format-standard","5":"has-post-thumbnail","7":"category-brasil","8":"entry","9":"gs-1","10":"gs-odd","11":"gs-even","12":"gs-featured-content-entry"},"jetpack_featured_media_url":"https:\/\/www.redenoticia.com.br\/noticia\/imagens\/codigo-florestal.jpg","jetpack_sharing_enabled":true,"jetpack_likes_enabled":true,"_links":{"self":[{"href":"https:\/\/www.redenoticia.com.br\/noticia\/wp-json\/wp\/v2\/posts\/72939","targetHints":{"allow":["GET"]}}],"collection":[{"href":"https:\/\/www.redenoticia.com.br\/noticia\/wp-json\/wp\/v2\/posts"}],"about":[{"href":"https:\/\/www.redenoticia.com.br\/noticia\/wp-json\/wp\/v2\/types\/post"}],"author":[{"embeddable":true,"href":"https:\/\/www.redenoticia.com.br\/noticia\/wp-json\/wp\/v2\/users\/2"}],"replies":[{"embeddable":true,"href":"https:\/\/www.redenoticia.com.br\/noticia\/wp-json\/wp\/v2\/comments?post=72939"}],"version-history":[{"count":0,"href":"https:\/\/www.redenoticia.com.br\/noticia\/wp-json\/wp\/v2\/posts\/72939\/revisions"}],"wp:featuredmedia":[{"embeddable":true,"href":"https:\/\/www.redenoticia.com.br\/noticia\/wp-json\/wp\/v2\/media\/34905"}],"wp:attachment":[{"href":"https:\/\/www.redenoticia.com.br\/noticia\/wp-json\/wp\/v2\/media?parent=72939"}],"wp:term":[{"taxonomy":"category","embeddable":true,"href":"https:\/\/www.redenoticia.com.br\/noticia\/wp-json\/wp\/v2\/categories?post=72939"},{"taxonomy":"post_tag","embeddable":true,"href":"https:\/\/www.redenoticia.com.br\/noticia\/wp-json\/wp\/v2\/tags?post=72939"}],"curies":[{"name":"wp","href":"https:\/\/api.w.org\/{rel}","templated":true}]}}