{"id":72912,"date":"2015-07-20T18:01:49","date_gmt":"2015-07-20T21:01:49","guid":{"rendered":"http:\/\/www.redenoticia.com.br\/noticia\/?p=72912"},"modified":"2015-07-20T18:01:49","modified_gmt":"2015-07-20T21:01:49","slug":"mercado-financeiro-preve-retracao-na-economia-de-17-este-ano-diz-bc","status":"publish","type":"post","link":"https:\/\/www.redenoticia.com.br\/noticia\/2015\/mercado-financeiro-preve-retracao-na-economia-de-17-este-ano-diz-bc\/72912","title":{"rendered":"Mercado financeiro prev\u00ea retra\u00e7\u00e3o na economia de 1,7% este ano, diz BC"},"content":{"rendered":"<p> A<strong><em> economia deve ter retra\u00e7\u00e3o <\/em><\/strong>de 1,7%, este ano, de acordo com proje\u00e7\u00e3o de institui\u00e7\u00f5es financeiras consultadas semanalmente pelo Banco Central. Na semana passada, a proje\u00e7\u00e3o para a queda do Produto Interno Bruto (PIB), soma de todos os bens e servi\u00e7os produzidos no pa\u00eds, estava em 1,5%. Essa proje\u00e7\u00e3o \u00e9 do Boletim Focus, publica\u00e7\u00e3o semanal, feita pelo Banco Central, com base em pesquisa a institui\u00e7\u00f5es financeiras sobre os principais indicadores econ\u00f4micos.<\/p>\n<p>No pr\u00f3ximo ano, a expectativa \u00e9 que haja crescimento da economia, mas apenas de 0,33%. Na semana passada, a estimativa de crescimento era 0,50%.<\/p>\n<p>Na avalia\u00e7\u00e3o do mercado financeiro, a produ\u00e7\u00e3o industrial deve ter queda de 5%, este ano. Em 2016, o setor deve se recuperar, com crescimento de 1,50%, contra 1,40% previsto anteriormente.<\/p>\n<p>Enquanto a economia encolhe, a infla\u00e7\u00e3o sobe. Para as institui\u00e7\u00f5es financeiras, o \u00cdndice Nacional de Pre\u00e7os ao Consumidor Amplo (IPCA) deve fechar o ano em 9,15%, contra 9,12% na proje\u00e7\u00e3o anterior. Essa foi a 14\u00aa eleva\u00e7\u00e3o seguida na estimativa. Para 2016, houve leve redu\u00e7\u00e3o de 5,44% para 5,40%.<\/p>\n<p>As estimativas para a infla\u00e7\u00e3o est\u00e3o distantes do centro da meta que \u00e9 4,5%. Neste ano, a expectativa \u00e9 que o teto da meta, de 6,5%, seja ultrapassado. O pr\u00f3prio BC projeta infla\u00e7\u00e3o em 9%. Ao passar da meta, o BC tem que enviar carta ao Minist\u00e9rio da Fazenda, explicando os motivos que levaram \u00e0 alta da infla\u00e7\u00e3o.<\/p>\n<p>Para tentar frear a alta dos pre\u00e7os, o Comit\u00ea de Pol\u00edtica Monet\u00e1ria (Copom) do BC tem elevado a taxa b\u00e1sica de juros, a Selic. A taxa j\u00e1 foi elevada por seis vezes seguidas e o BC tem sinalizado que o ciclo de alta continua. A pr\u00f3xima reuni\u00e3o do comit\u00ea est\u00e1 marcada para os dias 28 e 29 deste m\u00eas. Atualmente, a Selic est\u00e1 em 13,75% ao ano e as institui\u00e7\u00f5es financeiras esperam que a taxa chegue a 14,5% ao final deste ano. No final de 2016, a Selic deve ficar em 12,25% ao ano.<\/p>\n<p>A taxa \u00e9 usada nas negocia\u00e7\u00f5es de t\u00edtulos p\u00fablicos no Sistema Especial de Liquida\u00e7\u00e3o e Cust\u00f3dia (Selic) e serve como refer\u00eancia para as demais taxas de juros da economia. Ao reajust\u00e1-la para cima, o BC cont\u00e9m o excesso de demanda que pressiona os pre\u00e7os, porque os juros mais altos encarecem o cr\u00e9dito e estimulam a poupan\u00e7a. Quando reduz os juros b\u00e1sicos, o Copom barateia o cr\u00e9dito e incentiva a produ\u00e7\u00e3o e o consumo, mas alivia o controle sobre a infla\u00e7\u00e3o.<\/p>\n<p>A pesquisa do BC tamb\u00e9m traz a proje\u00e7\u00e3o para a infla\u00e7\u00e3o medida pelo \u00cdndice Geral de Pre\u00e7os-Disponibilidade Interna (IGP-DI), que subiu de 7,51% para 7,64%, este ano. Para o \u00cdndice Geral de Pre\u00e7os-Mercado (IGP-M), a estimativa passou de 7,42% para 7,46%, em 2015. A estimativa para o \u00cdndice de Pre\u00e7os ao Consumidor da Funda\u00e7\u00e3o Instituto de Pesquisas Econ\u00f4micas (IPC-Fipe) subiu de 8,60% para 8,72%, este ano.<\/p>\n<p>A proje\u00e7\u00e3o para a cota\u00e7\u00e3o do d\u00f3lar segue em R$ 3,23, ao final de 2015, e em R$ 3,40, no fim de 2016.<\/p>\n<p>Kelly Oliveira \u2013 Rep\u00f3rter da Ag\u00eancia Brasil<br \/>\nEdi\u00e7\u00e3o: Jos\u00e9 Romildo<\/p>\n","protected":false},"excerpt":{"rendered":"<p>A economia deve ter retra\u00e7\u00e3o de 1,7%, este ano, de acordo com proje\u00e7\u00e3o de institui\u00e7\u00f5es financeiras consultadas semanalmente pelo Banco Central. Na semana passada, a proje\u00e7\u00e3o para a queda do Produto Interno Bruto (PIB), soma de todos os bens e servi\u00e7os produzidos no pa\u00eds, estava em 1,5%. Essa proje\u00e7\u00e3o \u00e9 do Boletim Focus, publica\u00e7\u00e3o semanal, [&hellip;]<\/p>\n","protected":false},"author":2,"featured_media":57583,"comment_status":"open","ping_status":"closed","sticky":false,"template":"","format":"standard","meta":{"_genesis_hide_title":false,"_genesis_hide_breadcrumbs":false,"_genesis_hide_singular_image":false,"_genesis_hide_footer_widgets":false,"_genesis_custom_body_class":"","_genesis_custom_post_class":"","_genesis_layout":"","_jetpack_memberships_contains_paid_content":false,"footnotes":""},"categories":[22,7],"tags":[],"class_list":{"0":"post-72912","1":"post","2":"type-post","3":"status-publish","4":"format-standard","5":"has-post-thumbnail","7":"category-brasil","8":"category-economia","9":"entry","10":"gs-1","11":"gs-odd","12":"gs-even","13":"gs-featured-content-entry"},"jetpack_featured_media_url":"https:\/\/www.redenoticia.com.br\/noticia\/imagens\/economia-grafico.jpg","jetpack_sharing_enabled":true,"jetpack_likes_enabled":true,"_links":{"self":[{"href":"https:\/\/www.redenoticia.com.br\/noticia\/wp-json\/wp\/v2\/posts\/72912","targetHints":{"allow":["GET"]}}],"collection":[{"href":"https:\/\/www.redenoticia.com.br\/noticia\/wp-json\/wp\/v2\/posts"}],"about":[{"href":"https:\/\/www.redenoticia.com.br\/noticia\/wp-json\/wp\/v2\/types\/post"}],"author":[{"embeddable":true,"href":"https:\/\/www.redenoticia.com.br\/noticia\/wp-json\/wp\/v2\/users\/2"}],"replies":[{"embeddable":true,"href":"https:\/\/www.redenoticia.com.br\/noticia\/wp-json\/wp\/v2\/comments?post=72912"}],"version-history":[{"count":0,"href":"https:\/\/www.redenoticia.com.br\/noticia\/wp-json\/wp\/v2\/posts\/72912\/revisions"}],"wp:featuredmedia":[{"embeddable":true,"href":"https:\/\/www.redenoticia.com.br\/noticia\/wp-json\/wp\/v2\/media\/57583"}],"wp:attachment":[{"href":"https:\/\/www.redenoticia.com.br\/noticia\/wp-json\/wp\/v2\/media?parent=72912"}],"wp:term":[{"taxonomy":"category","embeddable":true,"href":"https:\/\/www.redenoticia.com.br\/noticia\/wp-json\/wp\/v2\/categories?post=72912"},{"taxonomy":"post_tag","embeddable":true,"href":"https:\/\/www.redenoticia.com.br\/noticia\/wp-json\/wp\/v2\/tags?post=72912"}],"curies":[{"name":"wp","href":"https:\/\/api.w.org\/{rel}","templated":true}]}}