{"id":72910,"date":"2015-07-20T17:57:46","date_gmt":"2015-07-20T20:57:46","guid":{"rendered":"http:\/\/www.redenoticia.com.br\/noticia\/?p=72910"},"modified":"2015-07-20T17:57:46","modified_gmt":"2015-07-20T20:57:46","slug":"governo-preve-queda-de-15-no-consumo-de-energia-eletrica-este-ano","status":"publish","type":"post","link":"https:\/\/www.redenoticia.com.br\/noticia\/2015\/governo-preve-queda-de-15-no-consumo-de-energia-eletrica-este-ano\/72910","title":{"rendered":"Governo prev\u00ea queda de 1,5% no consumo de energia el\u00e9trica este ano"},"content":{"rendered":"<p> O <strong><em>cen\u00e1rio econ\u00f4mico brasileiro<\/em><\/strong> e o comportamento da demanda levaram a Empresa de Pesquisa Energ\u00e9tica (EPE) e o Operador Nacional do Sistema El\u00e9trico (ONS) a revisar as proje\u00e7\u00f5es de consumo de energia el\u00e9trica, que apontam para uma queda de 1,5% no consumo total de energia no Sistema Interligado Nacional (SIN) em 2015, em compara\u00e7\u00e3o ao ano passado.<\/p>\n<p>A principal contribui\u00e7\u00e3o para esse resultado ser\u00e1 dada pelo consumo industrial, com redu\u00e7\u00e3o prevista de 4,3% no ano. O consumo residencial dever\u00e1 cair 0,1% e o comercial, crescer 1,4%. Na carga, que engloba consumo mais perdas, a previs\u00e3o \u00e9 redu\u00e7\u00e3o de 1,8%, este ano.<\/p>\n<p>De janeiro a julho, a carga de energia do SIN mostra retra\u00e7\u00e3o de 1,3% na compara\u00e7\u00e3o com o mesmo per\u00edodo de 2014, tamb\u00e9m em fun\u00e7\u00e3o do baixo desempenho da ind\u00fastria, em especial no Subsistema Sudeste\/Centro-Oeste, que concentra 60% da carga industrial brasileira.<\/p>\n<p>O consumo da ind\u00fastria nesse subsistema caiu 5,1% at\u00e9 maio, informou a EPE. Em contrapartida, a carga teve a maior taxa de crescimento (4,1%) no semestre no Subsistema Nordeste, impulsionada pelo consumo das classes residencial e comercial.<\/p>\n<p>A atualiza\u00e7\u00e3o dos n\u00fameros foi divulgada pela EPE e pelo ONS. De acordo com a EPE, a segunda revis\u00e3o quadrimestral das proje\u00e7\u00f5es da carga do SIN levou em conta, tamb\u00e9m, os efeitos do aumento das tarifas de energia el\u00e9trica. Segundo a EPE, as proje\u00e7\u00f5es ser\u00e3o consideradas para a atualiza\u00e7\u00e3o da base de dados do Planejamento Anual da Opera\u00e7\u00e3o Energ\u00e9tica 2015-2019.<\/p>\n<p>No per\u00edodo 2015-2019, a previs\u00e3o \u00e9 que o consumo total de energia no Sistema Interligado Nacional fique com taxa m\u00e9dia positiva de 3,6%; 2,5% de crescimento m\u00e9dio ao ano para o consumo industrial, 4,2% para o consumo residencial e 4,7% para o comercial. Para a carga de energia, projeta-se crescimento m\u00e9dio anual de 3,6%, o que significa expans\u00e3o m\u00e9dia de 2.440 megawatts m\u00e9dios por ano.<\/p>\n<p>O presidente da EPE, Maur\u00edcio Tolmasquim, explica que a proje\u00e7\u00e3o de queda da carga e do consumo total de energia el\u00e9trica cria uma margem maior de seguran\u00e7a para a opera\u00e7\u00e3o do setor el\u00e9trico, \u201cque est\u00e1 cada vez mais aumentando\u201d. Ele gostaria que a ind\u00fastria estivesse crescendo no pa\u00eds, mas admitiu que a previs\u00e3o de queda no consumo beneficia o setor el\u00e9trico, sinalizando, \u201cmais \u00e0 frente\u201d, a possibilidade eventual de desligamento das usinas t\u00e9rmicas, \u201cse continuar a tend\u00eancia de chuvas no Sul\u201d.<\/p>\n<p>Tolmasquim diz ainda que as tarifas de energia el\u00e9trica tamb\u00e9m poder\u00e3o cair, \u201cna hora em que as t\u00e9rmicas puderem ser desligadas\u201d.<\/p>\n<p>Alana Gandra &#8211; Rep\u00f3rter da Ag\u00eancia Brasil<br \/>\nEdi\u00e7\u00e3o: Jorge Wamburg<\/p>\n","protected":false},"excerpt":{"rendered":"<p>O cen\u00e1rio econ\u00f4mico brasileiro e o comportamento da demanda levaram a Empresa de Pesquisa Energ\u00e9tica (EPE) e o Operador Nacional do Sistema El\u00e9trico (ONS) a revisar as proje\u00e7\u00f5es de consumo de energia el\u00e9trica, que apontam para uma queda de 1,5% no consumo total de energia no Sistema Interligado Nacional (SIN) em 2015, em compara\u00e7\u00e3o ao [&hellip;]<\/p>\n","protected":false},"author":2,"featured_media":57584,"comment_status":"open","ping_status":"closed","sticky":false,"template":"","format":"standard","meta":{"_genesis_hide_title":false,"_genesis_hide_breadcrumbs":false,"_genesis_hide_singular_image":false,"_genesis_hide_footer_widgets":false,"_genesis_custom_body_class":"","_genesis_custom_post_class":"","_genesis_layout":"","_jetpack_memberships_contains_paid_content":false,"footnotes":""},"categories":[22,7],"tags":[],"class_list":{"0":"post-72910","1":"post","2":"type-post","3":"status-publish","4":"format-standard","5":"has-post-thumbnail","7":"category-brasil","8":"category-economia","9":"entry","10":"gs-1","11":"gs-odd","12":"gs-even","13":"gs-featured-content-entry"},"jetpack_featured_media_url":"https:\/\/www.redenoticia.com.br\/noticia\/imagens\/economia-grafica-analise-inflacao.jpg","jetpack_sharing_enabled":true,"jetpack_likes_enabled":true,"_links":{"self":[{"href":"https:\/\/www.redenoticia.com.br\/noticia\/wp-json\/wp\/v2\/posts\/72910","targetHints":{"allow":["GET"]}}],"collection":[{"href":"https:\/\/www.redenoticia.com.br\/noticia\/wp-json\/wp\/v2\/posts"}],"about":[{"href":"https:\/\/www.redenoticia.com.br\/noticia\/wp-json\/wp\/v2\/types\/post"}],"author":[{"embeddable":true,"href":"https:\/\/www.redenoticia.com.br\/noticia\/wp-json\/wp\/v2\/users\/2"}],"replies":[{"embeddable":true,"href":"https:\/\/www.redenoticia.com.br\/noticia\/wp-json\/wp\/v2\/comments?post=72910"}],"version-history":[{"count":0,"href":"https:\/\/www.redenoticia.com.br\/noticia\/wp-json\/wp\/v2\/posts\/72910\/revisions"}],"wp:featuredmedia":[{"embeddable":true,"href":"https:\/\/www.redenoticia.com.br\/noticia\/wp-json\/wp\/v2\/media\/57584"}],"wp:attachment":[{"href":"https:\/\/www.redenoticia.com.br\/noticia\/wp-json\/wp\/v2\/media?parent=72910"}],"wp:term":[{"taxonomy":"category","embeddable":true,"href":"https:\/\/www.redenoticia.com.br\/noticia\/wp-json\/wp\/v2\/categories?post=72910"},{"taxonomy":"post_tag","embeddable":true,"href":"https:\/\/www.redenoticia.com.br\/noticia\/wp-json\/wp\/v2\/tags?post=72910"}],"curies":[{"name":"wp","href":"https:\/\/api.w.org\/{rel}","templated":true}]}}