{"id":7279,"date":"2009-08-01T23:32:02","date_gmt":"2009-08-02T03:32:02","guid":{"rendered":"http:\/\/www.redenoticia.com.br\/noticia\/?p=7279"},"modified":"2009-08-05T00:39:52","modified_gmt":"2009-08-05T04:39:52","slug":"rede-record-decorou-a-fazenda-com-tema-cinematografico","status":"publish","type":"post","link":"https:\/\/www.redenoticia.com.br\/noticia\/2009\/rede-record-decorou-a-fazenda-com-tema-cinematografico\/7279","title":{"rendered":"Rede Record decorou a Fazenda com tema cinematogr\u00e1fico"},"content":{"rendered":"<p>A Rede Record produziu e decorou uma grande festa cinematogr\u00e1fica, no estilo Hollywood, neste s\u00e1bado (01\/08) na Fazenda. Teve cal\u00e7ada da fama com os nomes dos pe\u00f5es da Fazenda, tel\u00e3o com cenas de grandes filmes e respectivas trilhas sonoras. A Rede Record n\u00e3o esqueceu nem do carrinho de pipoca para lembrar a entrada de um cinema.<\/p>\n<p>Os participantes da Fazenda se caracterizaram de com fantasias fornecidas pela produ\u00e7\u00e3o da Rede Record. As roupas foram de memor\u00e1veis personagens como Indiana Jones (Dado), Bonequinha de Luxo (Fabi), Gladiador (Carlinhos), Lara Croft (Samambaia), Mulher Gato (Danni Carlos) e Zorro (Pedro).<\/p>\n<p>A Rede Record s\u00f3 n\u00e3o pode conter a euforia do Indiana Jones. Quando Dado foi testar o chicote ele acertou a perna da Dani Samambaia. Para pedir desculpa, Dado ofereceu uma flor da produ\u00e7\u00e3o da Fazenda para a Lara Croft.<\/p>\n<p>Neste domingo (02\/08), a Rede Record vai apresentar mais uma elimina\u00e7\u00e3o da Fazenda. Dado, Danni Carlos ou Fabi v\u00e3o deixar de ser pe\u00e3o pela vota\u00e7\u00e3o do p\u00fablico.<\/p>\n","protected":false},"excerpt":{"rendered":"<p>A Rede Record produziu e decorou uma grande festa cinematogr\u00e1fica, no estilo Hollywood, neste s\u00e1bado (01\/08) na Fazenda. Teve cal\u00e7ada da fama com os nomes dos pe\u00f5es da Fazenda, tel\u00e3o com cenas de grandes filmes e respectivas trilhas sonoras. A Rede Record n\u00e3o esqueceu nem do carrinho de pipoca para lembrar a entrada de um [&hellip;]<\/p>\n","protected":false},"author":3,"featured_media":0,"comment_status":"open","ping_status":"open","sticky":false,"template":"","format":"standard","meta":{"_genesis_hide_title":false,"_genesis_hide_breadcrumbs":false,"_genesis_hide_singular_image":false,"_genesis_hide_footer_widgets":false,"_genesis_custom_body_class":"","_genesis_custom_post_class":"","_genesis_layout":"","_jetpack_memberships_contains_paid_content":false,"footnotes":""},"categories":[22,343],"tags":[],"class_list":{"0":"post-7279","1":"post","2":"type-post","3":"status-publish","4":"format-standard","6":"category-brasil","7":"category-televisao","8":"entry","9":"gs-1","10":"gs-odd","11":"gs-even","12":"gs-featured-content-entry"},"jetpack_featured_media_url":"","jetpack_sharing_enabled":true,"jetpack_likes_enabled":true,"_links":{"self":[{"href":"https:\/\/www.redenoticia.com.br\/noticia\/wp-json\/wp\/v2\/posts\/7279","targetHints":{"allow":["GET"]}}],"collection":[{"href":"https:\/\/www.redenoticia.com.br\/noticia\/wp-json\/wp\/v2\/posts"}],"about":[{"href":"https:\/\/www.redenoticia.com.br\/noticia\/wp-json\/wp\/v2\/types\/post"}],"author":[{"embeddable":true,"href":"https:\/\/www.redenoticia.com.br\/noticia\/wp-json\/wp\/v2\/users\/3"}],"replies":[{"embeddable":true,"href":"https:\/\/www.redenoticia.com.br\/noticia\/wp-json\/wp\/v2\/comments?post=7279"}],"version-history":[{"count":0,"href":"https:\/\/www.redenoticia.com.br\/noticia\/wp-json\/wp\/v2\/posts\/7279\/revisions"}],"wp:attachment":[{"href":"https:\/\/www.redenoticia.com.br\/noticia\/wp-json\/wp\/v2\/media?parent=7279"}],"wp:term":[{"taxonomy":"category","embeddable":true,"href":"https:\/\/www.redenoticia.com.br\/noticia\/wp-json\/wp\/v2\/categories?post=7279"},{"taxonomy":"post_tag","embeddable":true,"href":"https:\/\/www.redenoticia.com.br\/noticia\/wp-json\/wp\/v2\/tags?post=7279"}],"curies":[{"name":"wp","href":"https:\/\/api.w.org\/{rel}","templated":true}]}}