{"id":72751,"date":"2015-07-16T16:04:06","date_gmt":"2015-07-16T19:04:06","guid":{"rendered":"http:\/\/www.redenoticia.com.br\/noticia\/?p=72751"},"modified":"2015-07-16T16:04:06","modified_gmt":"2015-07-16T19:04:06","slug":"aeb-preve-queda-de-15-nas-exportacoes-brasileiras-este-ano","status":"publish","type":"post","link":"https:\/\/www.redenoticia.com.br\/noticia\/2015\/aeb-preve-queda-de-15-nas-exportacoes-brasileiras-este-ano\/72751","title":{"rendered":"AEB prev\u00ea queda de 15% nas exporta\u00e7\u00f5es brasileiras este ano"},"content":{"rendered":"<p> As <strong><em>exporta\u00e7\u00f5es<\/em><\/strong> brasileiras dever\u00e3o fechar o ano com queda de 15%, em rela\u00e7\u00e3o ao ano passado, alcan\u00e7ando US$ 191,331 bilh\u00f5es. Para as importa\u00e7\u00f5es, espera-se queda de 20%, somando US$ 183,267 bilh\u00f5es. Os dados constam da revis\u00e3o da balan\u00e7a comercial, divulgada no Rio de Janeiro, pela Associa\u00e7\u00e3o de Com\u00e9rcio Exterior do Brasil (AEB).<\/p>\n<p>Anteriormente, o setor tinha projetado super\u00e1vit de US$ 8,140 bilh\u00f5es, mas, com a revis\u00e3o, a proje\u00e7\u00e3o caiu para US$ 8,064 bilh\u00f5es. A estimativa \u00e9 classificada pelo presidente da AEB, Jos\u00e9 Augusto de Castro, como um \u201csuper\u00e1vit negativo\u201d, uma vez que o resultado n\u00e3o \u00e9 gerado pelo crescimento das vendas externas. Em 2014, a balan\u00e7a fechou com d\u00e9ficit de US$ 3,959 bilh\u00f5es.<\/p>\n<p>A previs\u00e3o anterior da AEB para 2015, divulgada em dezembro de 2014, indicava exporta\u00e7\u00f5es de US$ 215,360 bilh\u00f5es e importa\u00e7\u00f5es de US$ 207,220 bilh\u00f5es.<\/p>\n<p>\u201cO que gera atividade econ\u00f4mica \u00e9 a corrente de com\u00e9rcio, que \u00e9 o somat\u00f3rio de exporta\u00e7\u00e3o e importa\u00e7\u00e3o. O super\u00e1vit \u00e9 apenas o efeito desses dois n\u00fameros\u201d, destacou Castro. Os dados da AEB sinalizam para uma piora da balan\u00e7a nacional este ano. De acordo com a AEB, o Brasil chegou a ter, em 2011, 1,41% de participa\u00e7\u00e3o no mercado internacional e deve cair este ano para 1%, \u201ce at\u00e9 um pouquinho abaixo\u201d, disse Castro.<\/p>\n<p>Commodities<\/p>\n<p>Outro ponto negativo \u00e9 que as exporta\u00e7\u00f5es brasileiras continuam lideradas por commodities (produtos agr\u00edcolas e minerais comercializados no mercado externo) e n\u00e3o por produtos de maior valor agregado. \u201cEste ano, os dez principais produtos exportados s\u00e3o commodities. Apenas o d\u00e9cimo-primeiro produto [avi\u00f5es] \u00e9 manufaturado. Com as commodities, n\u00f3s somos dependentes de fatores externos, sobre os quais n\u00e3o temos nenhum controle\u201d, explicou o presidente da AEB.<\/p>\n<p>Segundo Castro, a melhoria da taxa de c\u00e2mbio ajuda os manufaturados. \u201cS\u00f3 que essa melhoria vai ocorrer apenas com as exporta\u00e7\u00f5es para os Estados Unidos\u201d, disse. As exporta\u00e7\u00f5es totais do Brasil para o mercado americano tiveram queda no acumulado deste ano de 6,3%, enquanto as exporta\u00e7\u00f5es de manufaturados para os Estados Unidos aumentaram, at\u00e9 o momento, 5,94%. \u201cO c\u00e2mbio est\u00e1 ajudando a ter um crescimento das exporta\u00e7\u00f5es de manufaturados porque, sobre as commodities, o c\u00e2mbio n\u00e3o tem nenhuma influ\u00eancia.\u201d<\/p>\n<p>Castro afirmou que o cen\u00e1rio interno de enfraquecimento da economia tamb\u00e9m n\u00e3o ajuda, porque as empresas n\u00e3o investem em tecnologia e inova\u00e7\u00e3o e, por isso, n\u00e3o t\u00eam como reduzir custos. \u201c\u00c9 um cen\u00e1rio ruim que n\u00e3o estimula a gente a ter uma perspectiva melhor em 2016\u201d. Com o atual cen\u00e1rio, a AEB acredita que o pr\u00f3ximo ano tende a ser igual a 2015, com pequenas varia\u00e7\u00f5es nos n\u00fameros.<\/p>\n<p>Em junho, o Minist\u00e9rio do Desenvolvimento, Ind\u00fastria e Com\u00e9rcio Exterior previu que a balan\u00e7a comercial deve encerrar o ano com super\u00e1vit entre US$ 5 bilh\u00f5es a US$ 8 bilh\u00f5es.<\/p>\n<p>Alana Gandra &#8211; Rep\u00f3rter da Ag\u00eancia Brasil<br \/>\nEdi\u00e7\u00e3o: Denise Griesinger<\/p>\n","protected":false},"excerpt":{"rendered":"<p>As exporta\u00e7\u00f5es brasileiras dever\u00e3o fechar o ano com queda de 15%, em rela\u00e7\u00e3o ao ano passado, alcan\u00e7ando US$ 191,331 bilh\u00f5es. Para as importa\u00e7\u00f5es, espera-se queda de 20%, somando US$ 183,267 bilh\u00f5es. Os dados constam da revis\u00e3o da balan\u00e7a comercial, divulgada no Rio de Janeiro, pela Associa\u00e7\u00e3o de Com\u00e9rcio Exterior do Brasil (AEB). Anteriormente, o setor [&hellip;]<\/p>\n","protected":false},"author":2,"featured_media":38938,"comment_status":"open","ping_status":"closed","sticky":false,"template":"","format":"standard","meta":{"_genesis_hide_title":false,"_genesis_hide_breadcrumbs":false,"_genesis_hide_singular_image":false,"_genesis_hide_footer_widgets":false,"_genesis_custom_body_class":"","_genesis_custom_post_class":"","_genesis_layout":"","_jetpack_memberships_contains_paid_content":false,"footnotes":""},"categories":[22,7],"tags":[],"class_list":{"0":"post-72751","1":"post","2":"type-post","3":"status-publish","4":"format-standard","5":"has-post-thumbnail","7":"category-brasil","8":"category-economia","9":"entry","10":"gs-1","11":"gs-odd","12":"gs-even","13":"gs-featured-content-entry"},"jetpack_featured_media_url":"https:\/\/www.redenoticia.com.br\/noticia\/imagens\/economia1.jpg","jetpack_sharing_enabled":true,"jetpack_likes_enabled":true,"_links":{"self":[{"href":"https:\/\/www.redenoticia.com.br\/noticia\/wp-json\/wp\/v2\/posts\/72751","targetHints":{"allow":["GET"]}}],"collection":[{"href":"https:\/\/www.redenoticia.com.br\/noticia\/wp-json\/wp\/v2\/posts"}],"about":[{"href":"https:\/\/www.redenoticia.com.br\/noticia\/wp-json\/wp\/v2\/types\/post"}],"author":[{"embeddable":true,"href":"https:\/\/www.redenoticia.com.br\/noticia\/wp-json\/wp\/v2\/users\/2"}],"replies":[{"embeddable":true,"href":"https:\/\/www.redenoticia.com.br\/noticia\/wp-json\/wp\/v2\/comments?post=72751"}],"version-history":[{"count":0,"href":"https:\/\/www.redenoticia.com.br\/noticia\/wp-json\/wp\/v2\/posts\/72751\/revisions"}],"wp:featuredmedia":[{"embeddable":true,"href":"https:\/\/www.redenoticia.com.br\/noticia\/wp-json\/wp\/v2\/media\/38938"}],"wp:attachment":[{"href":"https:\/\/www.redenoticia.com.br\/noticia\/wp-json\/wp\/v2\/media?parent=72751"}],"wp:term":[{"taxonomy":"category","embeddable":true,"href":"https:\/\/www.redenoticia.com.br\/noticia\/wp-json\/wp\/v2\/categories?post=72751"},{"taxonomy":"post_tag","embeddable":true,"href":"https:\/\/www.redenoticia.com.br\/noticia\/wp-json\/wp\/v2\/tags?post=72751"}],"curies":[{"name":"wp","href":"https:\/\/api.w.org\/{rel}","templated":true}]}}