{"id":72749,"date":"2015-07-16T16:02:35","date_gmt":"2015-07-16T19:02:35","guid":{"rendered":"http:\/\/www.redenoticia.com.br\/noticia\/?p=72749"},"modified":"2015-07-16T16:02:35","modified_gmt":"2015-07-16T19:02:35","slug":"desempenho-da-economia-deve-afetar-empresas-no-brasil-em-2016-diz-moodys","status":"publish","type":"post","link":"https:\/\/www.redenoticia.com.br\/noticia\/2015\/desempenho-da-economia-deve-afetar-empresas-no-brasil-em-2016-diz-moodys\/72749","title":{"rendered":"Desempenho da economia deve afetar empresas no Brasil em 2016, diz Moody&#8217;s"},"content":{"rendered":"<p> O fraco <strong><em>desempenho da economia<\/em><\/strong> do Brasil vai continuar a influir sobre os resultados das empresas brasileiras, pelo menos at\u00e9 meados de 2016. Tal cen\u00e1rio coincidir\u00e1 com incertezas pol\u00edticas, infla\u00e7\u00e3o e deteriora\u00e7\u00e3o da confian\u00e7a de investidores. Esta \u00e9 a avalia\u00e7\u00e3o da ag\u00eancia de classifica\u00e7\u00e3o de risco Moody&#8217;s.<\/p>\n<p>A ag\u00eancia espera que o Produto Interno Bruto (PIB), soma de todos os bens e servi\u00e7os produzidos no pa\u00eds, tenha queda de 1,8%, em 2015, e crescimento de 1% em 2016.<\/p>\n<p>Para a Moody&#8217;s, a investiga\u00e7\u00e3o da Opera\u00e7\u00e3o Lava Jato levou os investidores a ficarem mais cautelosos em rela\u00e7\u00e3o a empresas n\u00e3o financeiras do Brasil, limitando o acesso das companhias aos mercados globais.<\/p>\n<p>A ag\u00eancia tamb\u00e9m considera que a confian\u00e7a do consumidor e o poder de compra deterioraram-se, influenciados pelo aumento das d\u00edvidas das fam\u00edlias, pela alta de juros, pela infla\u00e7\u00e3o e pelo desemprego.<\/p>\n<p>Kelly Oliveira &#8211; Rep\u00f3rter da Ag\u00eancia Brasil<br \/>\nEdi\u00e7\u00e3o: Jos\u00e9 Romildo<\/p>\n<p>&#8212;<br \/>\nA Empresa Brasil de Comunica\u00e7\u00e3o \u00e9 uma institui\u00e7\u00e3o da democracia brasileira: p\u00fablica, inclusiva e cidad\u00e3.  Criada em 2007 para fortalecer o sistema p\u00fablico de comunica\u00e7\u00e3o, \u00e9 gestora dos canais TV Brasil, TV Brasil Internacional, Ag\u00eancia Brasil, Radioag\u00eancia Nacional e do sistema p\u00fablico de R\u00e1dio \u2013 composto por oito emissoras. Estes, por sua independ\u00eancia editorial, distinguem-se dos canais estatais ou governamentais, com conte\u00fados diferenciados e complementares aos canais privados.<br \/>\nOs ve\u00edculos da EBC t\u00eam autonomia para definir produ\u00e7\u00e3o, programa\u00e7\u00e3o e distribui\u00e7\u00e3o de conte\u00fados.<\/p>\n","protected":false},"excerpt":{"rendered":"<p>O fraco desempenho da economia do Brasil vai continuar a influir sobre os resultados das empresas brasileiras, pelo menos at\u00e9 meados de 2016. Tal cen\u00e1rio coincidir\u00e1 com incertezas pol\u00edticas, infla\u00e7\u00e3o e deteriora\u00e7\u00e3o da confian\u00e7a de investidores. Esta \u00e9 a avalia\u00e7\u00e3o da ag\u00eancia de classifica\u00e7\u00e3o de risco Moody&#8217;s. A ag\u00eancia espera que o Produto Interno Bruto [&hellip;]<\/p>\n","protected":false},"author":2,"featured_media":57583,"comment_status":"open","ping_status":"closed","sticky":false,"template":"","format":"standard","meta":{"_genesis_hide_title":false,"_genesis_hide_breadcrumbs":false,"_genesis_hide_singular_image":false,"_genesis_hide_footer_widgets":false,"_genesis_custom_body_class":"","_genesis_custom_post_class":"","_genesis_layout":"","_jetpack_memberships_contains_paid_content":false,"footnotes":""},"categories":[22,7],"tags":[],"class_list":{"0":"post-72749","1":"post","2":"type-post","3":"status-publish","4":"format-standard","5":"has-post-thumbnail","7":"category-brasil","8":"category-economia","9":"entry","10":"gs-1","11":"gs-odd","12":"gs-even","13":"gs-featured-content-entry"},"jetpack_featured_media_url":"https:\/\/www.redenoticia.com.br\/noticia\/imagens\/economia-grafico.jpg","jetpack_sharing_enabled":true,"jetpack_likes_enabled":true,"_links":{"self":[{"href":"https:\/\/www.redenoticia.com.br\/noticia\/wp-json\/wp\/v2\/posts\/72749","targetHints":{"allow":["GET"]}}],"collection":[{"href":"https:\/\/www.redenoticia.com.br\/noticia\/wp-json\/wp\/v2\/posts"}],"about":[{"href":"https:\/\/www.redenoticia.com.br\/noticia\/wp-json\/wp\/v2\/types\/post"}],"author":[{"embeddable":true,"href":"https:\/\/www.redenoticia.com.br\/noticia\/wp-json\/wp\/v2\/users\/2"}],"replies":[{"embeddable":true,"href":"https:\/\/www.redenoticia.com.br\/noticia\/wp-json\/wp\/v2\/comments?post=72749"}],"version-history":[{"count":0,"href":"https:\/\/www.redenoticia.com.br\/noticia\/wp-json\/wp\/v2\/posts\/72749\/revisions"}],"wp:featuredmedia":[{"embeddable":true,"href":"https:\/\/www.redenoticia.com.br\/noticia\/wp-json\/wp\/v2\/media\/57583"}],"wp:attachment":[{"href":"https:\/\/www.redenoticia.com.br\/noticia\/wp-json\/wp\/v2\/media?parent=72749"}],"wp:term":[{"taxonomy":"category","embeddable":true,"href":"https:\/\/www.redenoticia.com.br\/noticia\/wp-json\/wp\/v2\/categories?post=72749"},{"taxonomy":"post_tag","embeddable":true,"href":"https:\/\/www.redenoticia.com.br\/noticia\/wp-json\/wp\/v2\/tags?post=72749"}],"curies":[{"name":"wp","href":"https:\/\/api.w.org\/{rel}","templated":true}]}}