{"id":72747,"date":"2015-07-16T15:59:58","date_gmt":"2015-07-16T18:59:58","guid":{"rendered":"http:\/\/www.redenoticia.com.br\/noticia\/?p=72747"},"modified":"2015-07-16T15:59:58","modified_gmt":"2015-07-16T18:59:58","slug":"tesouro-retira-titulo-global-2040-do-mercado-externo","status":"publish","type":"post","link":"https:\/\/www.redenoticia.com.br\/noticia\/2015\/tesouro-retira-titulo-global-2040-do-mercado-externo\/72747","title":{"rendered":"Tesouro retira t\u00edtulo Global 2040 do mercado externo"},"content":{"rendered":"<p>O Tesouro Nacional anunciou a retirada do mercado do <strong><em>t\u00edtulo Global 2040<\/em><\/strong>, denominado em d\u00f3lares. O t\u00edtulo, que pertence \u00e0 carteira da D\u00edvida P\u00fablica Federal Externa e foi lan\u00e7ado em 9 de agosto de 2000, ser\u00e1 integralmente retirado do mercado.<\/p>\n<p>O Tesouro anunciou a op\u00e7\u00e3o de compra no valor total de US$ 1,156 bilh\u00e3o. \u201cO valor total da opera\u00e7\u00e3o j\u00e1 consta do or\u00e7amento da d\u00edvida p\u00fablica mobili\u00e1ria federal externa para o ano de 2015 e a compra antecipada de moeda estrangeira no montante necess\u00e1rio para a concretiza\u00e7\u00e3o da opera\u00e7\u00e3o j\u00e1 foi realizada\u201d disse o Tesouro, em nota.<\/p>\n<p>Por meio dos t\u00edtulos p\u00fablicos, o Tesouro pega dinheiro emprestado dos investidores para honrar os compromissos. Em troca, o governo se compromete a devolver o dinheiro com prazos e juros estabelecidos na negocia\u00e7\u00e3o com o mercado. Juros mais baixos e prazos maiores s\u00e3o favor\u00e1veis ao Tesouro porque facilitam a administra\u00e7\u00e3o da d\u00edvida p\u00fablica.<\/p>\n<p>Kelly Oliveira \u2013 Rep\u00f3rter da Ag\u00eancia Brasil<br \/>\nEdi\u00e7\u00e3o: Denise Griesinger<\/p>\n","protected":false},"excerpt":{"rendered":"<p>O Tesouro Nacional anunciou a retirada do mercado do t\u00edtulo Global 2040, denominado em d\u00f3lares. O t\u00edtulo, que pertence \u00e0 carteira da D\u00edvida P\u00fablica Federal Externa e foi lan\u00e7ado em 9 de agosto de 2000, ser\u00e1 integralmente retirado do mercado. O Tesouro anunciou a op\u00e7\u00e3o de compra no valor total de US$ 1,156 bilh\u00e3o. \u201cO [&hellip;]<\/p>\n","protected":false},"author":2,"featured_media":40734,"comment_status":"open","ping_status":"closed","sticky":false,"template":"","format":"standard","meta":{"_genesis_hide_title":false,"_genesis_hide_breadcrumbs":false,"_genesis_hide_singular_image":false,"_genesis_hide_footer_widgets":false,"_genesis_custom_body_class":"","_genesis_custom_post_class":"","_genesis_layout":"","_jetpack_memberships_contains_paid_content":false,"footnotes":""},"categories":[22,7],"tags":[],"class_list":{"0":"post-72747","1":"post","2":"type-post","3":"status-publish","4":"format-standard","5":"has-post-thumbnail","7":"category-brasil","8":"category-economia","9":"entry","10":"gs-1","11":"gs-odd","12":"gs-even","13":"gs-featured-content-entry"},"jetpack_featured_media_url":"https:\/\/www.redenoticia.com.br\/noticia\/imagens\/economia-resultados.jpg","jetpack_sharing_enabled":true,"jetpack_likes_enabled":true,"_links":{"self":[{"href":"https:\/\/www.redenoticia.com.br\/noticia\/wp-json\/wp\/v2\/posts\/72747","targetHints":{"allow":["GET"]}}],"collection":[{"href":"https:\/\/www.redenoticia.com.br\/noticia\/wp-json\/wp\/v2\/posts"}],"about":[{"href":"https:\/\/www.redenoticia.com.br\/noticia\/wp-json\/wp\/v2\/types\/post"}],"author":[{"embeddable":true,"href":"https:\/\/www.redenoticia.com.br\/noticia\/wp-json\/wp\/v2\/users\/2"}],"replies":[{"embeddable":true,"href":"https:\/\/www.redenoticia.com.br\/noticia\/wp-json\/wp\/v2\/comments?post=72747"}],"version-history":[{"count":0,"href":"https:\/\/www.redenoticia.com.br\/noticia\/wp-json\/wp\/v2\/posts\/72747\/revisions"}],"wp:featuredmedia":[{"embeddable":true,"href":"https:\/\/www.redenoticia.com.br\/noticia\/wp-json\/wp\/v2\/media\/40734"}],"wp:attachment":[{"href":"https:\/\/www.redenoticia.com.br\/noticia\/wp-json\/wp\/v2\/media?parent=72747"}],"wp:term":[{"taxonomy":"category","embeddable":true,"href":"https:\/\/www.redenoticia.com.br\/noticia\/wp-json\/wp\/v2\/categories?post=72747"},{"taxonomy":"post_tag","embeddable":true,"href":"https:\/\/www.redenoticia.com.br\/noticia\/wp-json\/wp\/v2\/tags?post=72747"}],"curies":[{"name":"wp","href":"https:\/\/api.w.org\/{rel}","templated":true}]}}