{"id":72707,"date":"2015-07-15T17:36:43","date_gmt":"2015-07-15T20:36:43","guid":{"rendered":"http:\/\/www.redenoticia.com.br\/noticia\/?p=72707"},"modified":"2015-07-15T17:36:43","modified_gmt":"2015-07-15T20:36:43","slug":"venda-de-imoveis-residenciais-na-capital-paulista-cai-16-de-abril-para-maio","status":"publish","type":"post","link":"https:\/\/www.redenoticia.com.br\/noticia\/2015\/venda-de-imoveis-residenciais-na-capital-paulista-cai-16-de-abril-para-maio\/72707","title":{"rendered":"Venda de im\u00f3veis residenciais na capital paulista cai 1,6% de abril para maio"},"content":{"rendered":"<p> O n\u00famero de <strong><em>im\u00f3veis residenciais vendidos na cidade de S\u00e3o Paulo<\/em><\/strong> chegou a 2.149 em maio, uma queda de 1,6% na compara\u00e7\u00e3o com o m\u00eas anterior, de acordo com a Pesquisa do Mercado Imobili\u00e1rio, do Departamento de Economia e Estat\u00edstica do Sindicato da Habita\u00e7\u00e3o (Secovi-SP). Em rela\u00e7\u00e3o a maio do ano passado, quando foram comercializadas 2.080 unidades, houve aumento de 3,3%.<\/p>\n<p>O maior volume de vendas foi o de im\u00f3veis com dois dormit\u00f3rios (1.432 unidades), que representaram 67% do total comercializado no m\u00eas. Nesse caso, o valor m\u00e9dio das unidades \u00e9 R$ 294 mil. O segmento de um dormit\u00f3rio teve participa\u00e7\u00e3o de 16% (349 unidades) nas vendas, seguido pelos de tr\u00eas quartos, com 14% (310 unidades). Os im\u00f3veis de quatro ou mais dormit\u00f3rios contribu\u00edram com 3% (58 unidades) do total comercializado.<\/p>\n<p>A cidade de S\u00e3o Paulo encerrou o m\u00eas de maio com uma oferta de 28.118 unidades dispon\u00edveis para venda, entre im\u00f3veis na planta, em constru\u00e7\u00e3o e prontos, lan\u00e7ados nos \u00faltimos 36 meses.<\/p>\n<p>Segundo dados da Empresa Brasileira de Estudos de Patrim\u00f4nio (Embraesp), em maio, foram lan\u00e7ados 2.403 im\u00f3veis residenciais na capital paulista, o que representa uma queda de 20,5% em rela\u00e7\u00e3o ao m\u00eas de abril (3.023 unidades) e de 6,9% em rela\u00e7\u00e3o a maio de 2014 (2.582).<\/p>\n<p>Na avalia\u00e7\u00e3o do economista-chefe do Secovi-SP, Celso Petrucci, o resultado de maio \u00e9 praticamente uma estabilidade, o que confirma que a demanda se mant\u00e9m mesmo em \u00e9pocas de ajustes da economia. Segundo ele, no entanto, \u00e9 dif\u00edcil ajustar os produtos ao mercado consumidor. &#8220;A perda de atratividade dos recursos da caderneta de poupan\u00e7a e o seu consequente esvaziamento, aliados \u00e0 proposta em tramita\u00e7\u00e3o no Congresso Nacional de mudan\u00e7a de remunera\u00e7\u00e3o das contas vinculadas ao FGTS [Fundo de Garantia do Tempo de Servi\u00e7o] e \u00e0 demora do governo em anunciar a fase tr\u00eas do Minha Casa Minha Vida, t\u00eam prejudicado o lan\u00e7amento e a produ\u00e7\u00e3o de novos empreendimentos. Esses problemas podem ser potencializados com o aumento do desemprego na constru\u00e7\u00e3o civil&#8221;.<\/p>\n<p>O presidente da entidade, Claudio Bernardes, ressaltou que ainda n\u00e3o percebeu a retomada da confian\u00e7a dos investidores no pa\u00eds, mesmo ap\u00f3s a aprova\u00e7\u00e3o de medidas da pol\u00edtica de ajustes fiscais. \u201cIsso desanima os incorporadores a fazer novos lan\u00e7amentos e os consumidores ainda est\u00e3o inseguros com os rumos da economia. Mesmo assim, o mercado imobili\u00e1rio de S\u00e3o Paulo se comportou razoavelmente bem nos \u00faltimos tr\u00eas meses&#8221;, avaliou.<\/p>\n<p>Fl\u00e1via Albuquerque &#8211; Rep\u00f3rter da Ag\u00eancia Brasil<br \/>\nEdi\u00e7\u00e3o: Juliana Santos Andrade<\/p>\n","protected":false},"excerpt":{"rendered":"<p>O n\u00famero de im\u00f3veis residenciais vendidos na cidade de S\u00e3o Paulo chegou a 2.149 em maio, uma queda de 1,6% na compara\u00e7\u00e3o com o m\u00eas anterior, de acordo com a Pesquisa do Mercado Imobili\u00e1rio, do Departamento de Economia e Estat\u00edstica do Sindicato da Habita\u00e7\u00e3o (Secovi-SP). Em rela\u00e7\u00e3o a maio do ano passado, quando foram comercializadas [&hellip;]<\/p>\n","protected":false},"author":2,"featured_media":34681,"comment_status":"open","ping_status":"closed","sticky":false,"template":"","format":"standard","meta":{"_genesis_hide_title":false,"_genesis_hide_breadcrumbs":false,"_genesis_hide_singular_image":false,"_genesis_hide_footer_widgets":false,"_genesis_custom_body_class":"","_genesis_custom_post_class":"","_genesis_layout":"","_jetpack_memberships_contains_paid_content":false,"footnotes":""},"categories":[22,7],"tags":[],"class_list":{"0":"post-72707","1":"post","2":"type-post","3":"status-publish","4":"format-standard","5":"has-post-thumbnail","7":"category-brasil","8":"category-economia","9":"entry","10":"gs-1","11":"gs-odd","12":"gs-even","13":"gs-featured-content-entry"},"jetpack_featured_media_url":"https:\/\/www.redenoticia.com.br\/noticia\/imagens\/secovi-sp.jpg","jetpack_sharing_enabled":true,"jetpack_likes_enabled":true,"_links":{"self":[{"href":"https:\/\/www.redenoticia.com.br\/noticia\/wp-json\/wp\/v2\/posts\/72707","targetHints":{"allow":["GET"]}}],"collection":[{"href":"https:\/\/www.redenoticia.com.br\/noticia\/wp-json\/wp\/v2\/posts"}],"about":[{"href":"https:\/\/www.redenoticia.com.br\/noticia\/wp-json\/wp\/v2\/types\/post"}],"author":[{"embeddable":true,"href":"https:\/\/www.redenoticia.com.br\/noticia\/wp-json\/wp\/v2\/users\/2"}],"replies":[{"embeddable":true,"href":"https:\/\/www.redenoticia.com.br\/noticia\/wp-json\/wp\/v2\/comments?post=72707"}],"version-history":[{"count":0,"href":"https:\/\/www.redenoticia.com.br\/noticia\/wp-json\/wp\/v2\/posts\/72707\/revisions"}],"wp:featuredmedia":[{"embeddable":true,"href":"https:\/\/www.redenoticia.com.br\/noticia\/wp-json\/wp\/v2\/media\/34681"}],"wp:attachment":[{"href":"https:\/\/www.redenoticia.com.br\/noticia\/wp-json\/wp\/v2\/media?parent=72707"}],"wp:term":[{"taxonomy":"category","embeddable":true,"href":"https:\/\/www.redenoticia.com.br\/noticia\/wp-json\/wp\/v2\/categories?post=72707"},{"taxonomy":"post_tag","embeddable":true,"href":"https:\/\/www.redenoticia.com.br\/noticia\/wp-json\/wp\/v2\/tags?post=72707"}],"curies":[{"name":"wp","href":"https:\/\/api.w.org\/{rel}","templated":true}]}}