{"id":72703,"date":"2015-07-15T17:32:41","date_gmt":"2015-07-15T20:32:41","guid":{"rendered":"http:\/\/www.redenoticia.com.br\/noticia\/?p=72703"},"modified":"2015-07-15T17:32:41","modified_gmt":"2015-07-15T20:32:41","slug":"arrecadacao-federal-tem-o-pior-primeiro-semestre-em-quatro-anos","status":"publish","type":"post","link":"https:\/\/www.redenoticia.com.br\/noticia\/2015\/arrecadacao-federal-tem-o-pior-primeiro-semestre-em-quatro-anos\/72703","title":{"rendered":"Arrecada\u00e7\u00e3o federal tem o pior primeiro semestre em quatro anos"},"content":{"rendered":"<p> O fraco desempenho da economia e as desonera\u00e7\u00f5es fizeram a <strong><em>arrecada\u00e7\u00e3o federal<\/em><\/strong> atingir o pior resultado para o primeiro semestre em quatro anos. Segundo a Receita Federal, o governo arrecadou R$ 607,208 bilh\u00f5es de janeiro a junho. O montante representa queda de 2,87% em rela\u00e7\u00e3o ao mesmo per\u00edodo do ano passado, descontada a infla\u00e7\u00e3o oficial pelo \u00cdndice Nacional de Pre\u00e7os ao Consumidor Amplo (IPCA). A arrecada\u00e7\u00e3o \u00e9 a menor para os primeiros seis meses do ano desde 2011.<\/p>\n<p> Em junho, a arrecada\u00e7\u00e3o federal somou R$ 97,091 bilh\u00f5es, queda de 2,44% em rela\u00e7\u00e3o a junho do ano passado e o pior resultado para o m\u00eas desde 2010, tamb\u00e9m em valores corrigidos pelo IPCA. Apesar do desempenho negativo, foi registrada leve melhora em rela\u00e7\u00e3o a maio, quando a queda pela compara\u00e7\u00e3o mensal chegou a 4,03%.<\/p>\n<p>De acordo com a Receita, os principais fatores para o recuo na arrecada\u00e7\u00e3o nos seis primeiros meses do ano foram a queda de 6,25% na produ\u00e7\u00e3o industrial, que impactou a receita de Imposto sobre Produtos Industrializados (IPI), e a redu\u00e7\u00e3o de 5,09% na venda de bens e servi\u00e7os, que diminuiu a arrecada\u00e7\u00e3o do Programa de Integra\u00e7\u00e3o Social (PIS) e da Contribui\u00e7\u00e3o para o Financiamento da Seguridade Social (Cofins), tributos ligados ao faturamento.<\/p>\n<p>O crescimento da massa salarial abaixo da infla\u00e7\u00e3o contribuiu para a queda de 3,34% na receita da Previd\u00eancia Social, descontado o IPCA. A redu\u00e7\u00e3o da lucratividade das empresas fez a arrecada\u00e7\u00e3o do Imposto de Renda Pessoa Jur\u00eddica e da Contribui\u00e7\u00e3o Social sobre o Lucro L\u00edquido cair 9,11% no primeiro semestre, tamb\u00e9m descontada a infla\u00e7\u00e3o.<\/p>\n<p>As desonera\u00e7\u00f5es concedidas nos \u00faltimos anos tamb\u00e9m foram respons\u00e1veis pela queda na arrecada\u00e7\u00e3o em 2015, gerando perdas para o governo de R$ 54,882 bilh\u00f5es. As medidas com maior impacto s\u00e3o a desonera\u00e7\u00e3o da folha de pagamento para 56 setores da economia, que fez a Receita deixar de arrecadar R$ 11,2 bilh\u00f5es, e a inclus\u00e3o de novos setores no Simples Nacional, que ocasionou a perda de R$ 5,8 bilh\u00f5es neste ano.<\/p>\n<p>Wellton M\u00e1ximo \u2013 Rep\u00f3rter da Ag\u00eancia Brasil<br \/>\nEdi\u00e7\u00e3o: Armando Cardoso<\/p>\n","protected":false},"excerpt":{"rendered":"<p>O fraco desempenho da economia e as desonera\u00e7\u00f5es fizeram a arrecada\u00e7\u00e3o federal atingir o pior resultado para o primeiro semestre em quatro anos. Segundo a Receita Federal, o governo arrecadou R$ 607,208 bilh\u00f5es de janeiro a junho. O montante representa queda de 2,87% em rela\u00e7\u00e3o ao mesmo per\u00edodo do ano passado, descontada a infla\u00e7\u00e3o oficial [&hellip;]<\/p>\n","protected":false},"author":2,"featured_media":40734,"comment_status":"open","ping_status":"closed","sticky":false,"template":"","format":"standard","meta":{"_genesis_hide_title":false,"_genesis_hide_breadcrumbs":false,"_genesis_hide_singular_image":false,"_genesis_hide_footer_widgets":false,"_genesis_custom_body_class":"","_genesis_custom_post_class":"","_genesis_layout":"","_jetpack_memberships_contains_paid_content":false,"footnotes":""},"categories":[22,7],"tags":[],"class_list":{"0":"post-72703","1":"post","2":"type-post","3":"status-publish","4":"format-standard","5":"has-post-thumbnail","7":"category-brasil","8":"category-economia","9":"entry","10":"gs-1","11":"gs-odd","12":"gs-even","13":"gs-featured-content-entry"},"jetpack_featured_media_url":"https:\/\/www.redenoticia.com.br\/noticia\/imagens\/economia-resultados.jpg","jetpack_sharing_enabled":true,"jetpack_likes_enabled":true,"_links":{"self":[{"href":"https:\/\/www.redenoticia.com.br\/noticia\/wp-json\/wp\/v2\/posts\/72703","targetHints":{"allow":["GET"]}}],"collection":[{"href":"https:\/\/www.redenoticia.com.br\/noticia\/wp-json\/wp\/v2\/posts"}],"about":[{"href":"https:\/\/www.redenoticia.com.br\/noticia\/wp-json\/wp\/v2\/types\/post"}],"author":[{"embeddable":true,"href":"https:\/\/www.redenoticia.com.br\/noticia\/wp-json\/wp\/v2\/users\/2"}],"replies":[{"embeddable":true,"href":"https:\/\/www.redenoticia.com.br\/noticia\/wp-json\/wp\/v2\/comments?post=72703"}],"version-history":[{"count":0,"href":"https:\/\/www.redenoticia.com.br\/noticia\/wp-json\/wp\/v2\/posts\/72703\/revisions"}],"wp:featuredmedia":[{"embeddable":true,"href":"https:\/\/www.redenoticia.com.br\/noticia\/wp-json\/wp\/v2\/media\/40734"}],"wp:attachment":[{"href":"https:\/\/www.redenoticia.com.br\/noticia\/wp-json\/wp\/v2\/media?parent=72703"}],"wp:term":[{"taxonomy":"category","embeddable":true,"href":"https:\/\/www.redenoticia.com.br\/noticia\/wp-json\/wp\/v2\/categories?post=72703"},{"taxonomy":"post_tag","embeddable":true,"href":"https:\/\/www.redenoticia.com.br\/noticia\/wp-json\/wp\/v2\/tags?post=72703"}],"curies":[{"name":"wp","href":"https:\/\/api.w.org\/{rel}","templated":true}]}}