{"id":72699,"date":"2015-07-15T17:25:12","date_gmt":"2015-07-15T20:25:12","guid":{"rendered":"http:\/\/www.redenoticia.com.br\/noticia\/?p=72699"},"modified":"2015-07-15T17:25:12","modified_gmt":"2015-07-15T20:25:12","slug":"ministerio-da-educacao-desvincula-quatro-instituicoes-do-prouni","status":"publish","type":"post","link":"https:\/\/www.redenoticia.com.br\/noticia\/2015\/ministerio-da-educacao-desvincula-quatro-instituicoes-do-prouni\/72699","title":{"rendered":"Minist\u00e9rio da Educa\u00e7\u00e3o desvincula quatro institui\u00e7\u00f5es do ProUni"},"content":{"rendered":"<p> O Minist\u00e9rio da Educa\u00e7\u00e3o desvinculou quatro mantenedoras de institui\u00e7\u00f5es de ensino superior do Programa Universidade para Todos (<strong><em>ProUni<\/em><\/strong>) porque n\u00e3o comprovaram a quita\u00e7\u00e3o de tributos e contribui\u00e7\u00f5es federais.<\/p>\n<p>O minist\u00e9rio garante que n\u00e3o haver\u00e1 preju\u00edzo para os estudantes e nem \u00f4nus para o Poder P\u00fablico. O despacho foi publicado no Di\u00e1rio Oficial da Uni\u00e3o. As mantenedoras poder\u00e3o interpor recurso, no prazo de dez dias, contados a partir desta quarta-feira.<\/p>\n<p>As mantenedoras desvinculadas s\u00e3o: Centro de Ensino Superior de Homeopatia Ibehe, em S\u00e3o Paulo; Sociedade de Ensino de Caldas Novas, em Goi\u00e1s; Faculdade de Tecnologia de Santa Catarina; e Associa\u00e7\u00e3o de Pesquisa Educacional, em S\u00e3o Paulo.<\/p>\n<p>A Faculdade de Ci\u00eancias da Sa\u00fade, mantida pelo Centro de Ensino Superior de Homeopatia Ibehe, informou que vai recorrer. A Sociedade de Ensino de Caldas Novas disse que n\u00e3o tinha tomado conhecimento da decis\u00e3o. A Ag\u00eancia Brasil n\u00e3o conseguiu contato com as demais mantenedoras.<\/p>\n<p>Da Ag\u00eancia Brasil<br \/>\nEdi\u00e7\u00e3o: Val\u00e9ria Aguiar<\/p>\n","protected":false},"excerpt":{"rendered":"<p>O Minist\u00e9rio da Educa\u00e7\u00e3o desvinculou quatro mantenedoras de institui\u00e7\u00f5es de ensino superior do Programa Universidade para Todos (ProUni) porque n\u00e3o comprovaram a quita\u00e7\u00e3o de tributos e contribui\u00e7\u00f5es federais. O minist\u00e9rio garante que n\u00e3o haver\u00e1 preju\u00edzo para os estudantes e nem \u00f4nus para o Poder P\u00fablico. O despacho foi publicado no Di\u00e1rio Oficial da Uni\u00e3o. As [&hellip;]<\/p>\n","protected":false},"author":2,"featured_media":23011,"comment_status":"open","ping_status":"closed","sticky":false,"template":"","format":"standard","meta":{"_genesis_hide_title":false,"_genesis_hide_breadcrumbs":false,"_genesis_hide_singular_image":false,"_genesis_hide_footer_widgets":false,"_genesis_custom_body_class":"","_genesis_custom_post_class":"","_genesis_layout":"","_jetpack_memberships_contains_paid_content":false,"footnotes":""},"categories":[22],"tags":[],"class_list":{"0":"post-72699","1":"post","2":"type-post","3":"status-publish","4":"format-standard","5":"has-post-thumbnail","7":"category-brasil","8":"entry","9":"gs-1","10":"gs-odd","11":"gs-even","12":"gs-featured-content-entry"},"jetpack_featured_media_url":"https:\/\/www.redenoticia.com.br\/noticia\/imagens\/prouni-inscricao.jpg","jetpack_sharing_enabled":true,"jetpack_likes_enabled":true,"_links":{"self":[{"href":"https:\/\/www.redenoticia.com.br\/noticia\/wp-json\/wp\/v2\/posts\/72699","targetHints":{"allow":["GET"]}}],"collection":[{"href":"https:\/\/www.redenoticia.com.br\/noticia\/wp-json\/wp\/v2\/posts"}],"about":[{"href":"https:\/\/www.redenoticia.com.br\/noticia\/wp-json\/wp\/v2\/types\/post"}],"author":[{"embeddable":true,"href":"https:\/\/www.redenoticia.com.br\/noticia\/wp-json\/wp\/v2\/users\/2"}],"replies":[{"embeddable":true,"href":"https:\/\/www.redenoticia.com.br\/noticia\/wp-json\/wp\/v2\/comments?post=72699"}],"version-history":[{"count":0,"href":"https:\/\/www.redenoticia.com.br\/noticia\/wp-json\/wp\/v2\/posts\/72699\/revisions"}],"wp:featuredmedia":[{"embeddable":true,"href":"https:\/\/www.redenoticia.com.br\/noticia\/wp-json\/wp\/v2\/media\/23011"}],"wp:attachment":[{"href":"https:\/\/www.redenoticia.com.br\/noticia\/wp-json\/wp\/v2\/media?parent=72699"}],"wp:term":[{"taxonomy":"category","embeddable":true,"href":"https:\/\/www.redenoticia.com.br\/noticia\/wp-json\/wp\/v2\/categories?post=72699"},{"taxonomy":"post_tag","embeddable":true,"href":"https:\/\/www.redenoticia.com.br\/noticia\/wp-json\/wp\/v2\/tags?post=72699"}],"curies":[{"name":"wp","href":"https:\/\/api.w.org\/{rel}","templated":true}]}}