{"id":72697,"date":"2015-07-15T17:21:55","date_gmt":"2015-07-15T20:21:55","guid":{"rendered":"http:\/\/www.redenoticia.com.br\/noticia\/?p=72697"},"modified":"2015-07-15T17:21:55","modified_gmt":"2015-07-15T20:21:55","slug":"programa-de-bonus-da-sabesp-mantem-83-de-adesao","status":"publish","type":"post","link":"https:\/\/www.redenoticia.com.br\/noticia\/2015\/programa-de-bonus-da-sabesp-mantem-83-de-adesao\/72697","title":{"rendered":"Programa de b\u00f4nus da Sabesp mant\u00e9m 83% de ades\u00e3o"},"content":{"rendered":"<p>A popula\u00e7\u00e3o de S\u00e3o Paulo manteve no m\u00eas de junho a mesma colabora\u00e7\u00e3o ao <strong><em>programa de b\u00f4nus da Sabesp<\/em><\/strong> registrada em maio, quando foi obtido o melhor resultado, 83% dos clientes da companhia na Regi\u00e3o Metropolitana reduziram o consumo de \u00e1gua. Em junho, a economia m\u00e9dia foi de 6,2 mil litros por segundo, volume suficiente para abastecer cerca de 1,9 milh\u00e3o de pessoas ou as popula\u00e7\u00f5es das cidades de Campinas e S\u00e3o Bernardo do Campo somadas.<\/p>\n<p>Em junho, o percentual de usu\u00e1rios que consomem acima da m\u00e9dia tamb\u00e9m se manteve em 17%. Desses 17%, 10% tiveram de pagar tarifa de conting\u00eancia por gastarem mais que a m\u00e9dia de consumo de fevereiro de 2013 a janeiro de 2014; os demais 7% elevaram o gasto, mas n\u00e3o foram enquadrados na sobretaxa por consumirem menos de 10 mil litros mensais ou estarem cadastrados na Tarifa Social.<\/p>\n<p>Dos 83% que reduziram o gasto de \u00e1gua em maio, 73% efetivamente ganharam o b\u00f4nus, enquanto os demais 10% diminu\u00edram o consumo, mas n\u00e3o o suficiente para receber o desconto na fatura da Sabesp. Tem direito ao benef\u00edcio o cliente que baixar o gasto na compara\u00e7\u00e3o com a m\u00e9dia do per\u00edodo de fevereiro de 2013 a janeiro do ano passado, a mesma base utilizada para determinar a cobran\u00e7a do \u00f4nus.<\/p>\n<p>O programa de b\u00f4nus foi implantado em fevereiro de 2014 para os moradores atendidos pelo sistema Cantareira. Nos meses seguintes, foi ampliado para os munic\u00edpios atendidos pela Sabesp na Grande S\u00e3o Paulo. J\u00e1 a sobretaxa \u00e9 de 40% sobre o valor da tarifa de \u00e1gua para quem exceder at\u00e9 20% a m\u00e9dia do consumo ou 100% sobre o valor da tarifa de \u00e1gua para quem ultrapassar 20% da m\u00e9dia. O objetivo da tarifa contingenciada n\u00e3o \u00e9 arrecadar, e sim incentivar o uso racional da \u00e1gua.<\/p>\n<p>Do Portal do Governo do Estado SP<\/p>\n","protected":false},"excerpt":{"rendered":"<p>A popula\u00e7\u00e3o de S\u00e3o Paulo manteve no m\u00eas de junho a mesma colabora\u00e7\u00e3o ao programa de b\u00f4nus da Sabesp registrada em maio, quando foi obtido o melhor resultado, 83% dos clientes da companhia na Regi\u00e3o Metropolitana reduziram o consumo de \u00e1gua. Em junho, a economia m\u00e9dia foi de 6,2 mil litros por segundo, volume suficiente [&hellip;]<\/p>\n","protected":false},"author":2,"featured_media":57585,"comment_status":"open","ping_status":"closed","sticky":false,"template":"","format":"standard","meta":{"_genesis_hide_title":false,"_genesis_hide_breadcrumbs":false,"_genesis_hide_singular_image":false,"_genesis_hide_footer_widgets":false,"_genesis_custom_body_class":"","_genesis_custom_post_class":"","_genesis_layout":"","_jetpack_memberships_contains_paid_content":false,"footnotes":""},"categories":[22],"tags":[],"class_list":{"0":"post-72697","1":"post","2":"type-post","3":"status-publish","4":"format-standard","5":"has-post-thumbnail","7":"category-brasil","8":"entry","9":"gs-1","10":"gs-odd","11":"gs-even","12":"gs-featured-content-entry"},"jetpack_featured_media_url":"https:\/\/www.redenoticia.com.br\/noticia\/imagens\/analise-economia.jpg","jetpack_sharing_enabled":true,"jetpack_likes_enabled":true,"_links":{"self":[{"href":"https:\/\/www.redenoticia.com.br\/noticia\/wp-json\/wp\/v2\/posts\/72697","targetHints":{"allow":["GET"]}}],"collection":[{"href":"https:\/\/www.redenoticia.com.br\/noticia\/wp-json\/wp\/v2\/posts"}],"about":[{"href":"https:\/\/www.redenoticia.com.br\/noticia\/wp-json\/wp\/v2\/types\/post"}],"author":[{"embeddable":true,"href":"https:\/\/www.redenoticia.com.br\/noticia\/wp-json\/wp\/v2\/users\/2"}],"replies":[{"embeddable":true,"href":"https:\/\/www.redenoticia.com.br\/noticia\/wp-json\/wp\/v2\/comments?post=72697"}],"version-history":[{"count":0,"href":"https:\/\/www.redenoticia.com.br\/noticia\/wp-json\/wp\/v2\/posts\/72697\/revisions"}],"wp:featuredmedia":[{"embeddable":true,"href":"https:\/\/www.redenoticia.com.br\/noticia\/wp-json\/wp\/v2\/media\/57585"}],"wp:attachment":[{"href":"https:\/\/www.redenoticia.com.br\/noticia\/wp-json\/wp\/v2\/media?parent=72697"}],"wp:term":[{"taxonomy":"category","embeddable":true,"href":"https:\/\/www.redenoticia.com.br\/noticia\/wp-json\/wp\/v2\/categories?post=72697"},{"taxonomy":"post_tag","embeddable":true,"href":"https:\/\/www.redenoticia.com.br\/noticia\/wp-json\/wp\/v2\/tags?post=72697"}],"curies":[{"name":"wp","href":"https:\/\/api.w.org\/{rel}","templated":true}]}}