{"id":72645,"date":"2015-07-14T16:15:25","date_gmt":"2015-07-14T19:15:25","guid":{"rendered":"http:\/\/www.redenoticia.com.br\/noticia\/?p=72645"},"modified":"2015-07-14T16:15:25","modified_gmt":"2015-07-14T19:15:25","slug":"inadimplencia-de-consumidores-cresceu-452-em-junho","status":"publish","type":"post","link":"https:\/\/www.redenoticia.com.br\/noticia\/2015\/inadimplencia-de-consumidores-cresceu-452-em-junho\/72645","title":{"rendered":"Inadimpl\u00eancia de consumidores cresceu 4,52% em junho"},"content":{"rendered":"<p>A quantidade de consumidores com <strong><em>contas a pagar<\/em><\/strong> em junho de 2015 aumentou 4,52%, na compara\u00e7\u00e3o com junho de 2014. Os dados foram divulgados pelo Servi\u00e7o de Prote\u00e7\u00e3o ao Cr\u00e9dito (SPC Brasil) e pela Confedera\u00e7\u00e3o Nacional de Dirigentes Logistas (CNDL). Os n\u00fameros indicam que a varia\u00e7\u00e3o ficou pr\u00f3xima da estabilidade, com queda de 0,03% em rela\u00e7\u00e3o a maio de 2015, quando o \u00edndice chegou a 4,79%.<\/p>\n<p>Segundo o SPC Brasil, em junho deste ano 56,5 milh\u00f5es de consumidores constavam de cadastros de devedores inadimplentes. O n\u00famero representa 39,8% da popula\u00e7\u00e3o brasileira entre 18 e 95 anos.<\/p>\n<p> No per\u00edodo, o n\u00famero de d\u00edvidas em atraso aumentou 5,75%, na compara\u00e7\u00e3o com o mesmo m\u00eas de 2014. A varia\u00e7\u00e3o entre maio e junho de 2015 foi de queda de 0,86%. Para a economista chefe do SPC Brasil, Marcela Kawauti, cresceu o volume de d\u00edvidas por devedor. \u201cHoje, um \u00fanico brasileiro inadimplente tem, em m\u00e9dia 2,12 d\u00edvidas em atraso.\u201d<\/p>\n<p>De acordo com a CNDL, al\u00e9m da piora na confian\u00e7a do consumidor, a acelera\u00e7\u00e3o da infla\u00e7\u00e3o e o aumento nas taxas de juros prejudicaram a capacidade de pagamento do brasileiro. Em rela\u00e7\u00e3o a junho de 2014, os maiores registros de altas s\u00e3o de d\u00edvidas com at\u00e9 90 dias de atraso (8,47%) e de 3 a 5 anos de atraso (15,76%).<\/p>\n<p>Os destaques s\u00e3o para os setores de \u00e1gua e luz, com crescimento de 15,61% no ano, e de bancos, com 9,55% d\u00edvidas a mais que em junho de 2014. O setor de bancos segue como credor de 48,4% das d\u00edvidas cadastradas.<\/p>\n<p>Marcela Kawauti explicou que a maioria das pessoas acredita que as d\u00edvidas mais antigas s\u00e3o impag\u00e1veis por causa dos juros. \u201cO que h\u00e1 s\u00e3o d\u00edvidas negoci\u00e1veis. A negocia\u00e7\u00e3o \u00e9 sempre a melhor sa\u00edda e sempre d\u00e1 para negociar. O ideal \u00e9 a educa\u00e7\u00e3o financeira preventiva. Temos de, se ajustar antes do problema ficar mais s\u00e9rio\u201d, concluiu.<\/p>\n<p>Andreia Verd\u00e9lio &#8211; Rep\u00f3rter da Ag\u00eancia Brasil<br \/>\nEdi\u00e7\u00e3o: Armando Cardoso<\/p>\n","protected":false},"excerpt":{"rendered":"<p>A quantidade de consumidores com contas a pagar em junho de 2015 aumentou 4,52%, na compara\u00e7\u00e3o com junho de 2014. Os dados foram divulgados pelo Servi\u00e7o de Prote\u00e7\u00e3o ao Cr\u00e9dito (SPC Brasil) e pela Confedera\u00e7\u00e3o Nacional de Dirigentes Logistas (CNDL). Os n\u00fameros indicam que a varia\u00e7\u00e3o ficou pr\u00f3xima da estabilidade, com queda de 0,03% em [&hellip;]<\/p>\n","protected":false},"author":2,"featured_media":57584,"comment_status":"open","ping_status":"closed","sticky":false,"template":"","format":"standard","meta":{"_genesis_hide_title":false,"_genesis_hide_breadcrumbs":false,"_genesis_hide_singular_image":false,"_genesis_hide_footer_widgets":false,"_genesis_custom_body_class":"","_genesis_custom_post_class":"","_genesis_layout":"","_jetpack_memberships_contains_paid_content":false,"footnotes":""},"categories":[22,7],"tags":[],"class_list":{"0":"post-72645","1":"post","2":"type-post","3":"status-publish","4":"format-standard","5":"has-post-thumbnail","7":"category-brasil","8":"category-economia","9":"entry","10":"gs-1","11":"gs-odd","12":"gs-even","13":"gs-featured-content-entry"},"jetpack_featured_media_url":"https:\/\/www.redenoticia.com.br\/noticia\/imagens\/economia-grafica-analise-inflacao.jpg","jetpack_sharing_enabled":true,"jetpack_likes_enabled":true,"_links":{"self":[{"href":"https:\/\/www.redenoticia.com.br\/noticia\/wp-json\/wp\/v2\/posts\/72645","targetHints":{"allow":["GET"]}}],"collection":[{"href":"https:\/\/www.redenoticia.com.br\/noticia\/wp-json\/wp\/v2\/posts"}],"about":[{"href":"https:\/\/www.redenoticia.com.br\/noticia\/wp-json\/wp\/v2\/types\/post"}],"author":[{"embeddable":true,"href":"https:\/\/www.redenoticia.com.br\/noticia\/wp-json\/wp\/v2\/users\/2"}],"replies":[{"embeddable":true,"href":"https:\/\/www.redenoticia.com.br\/noticia\/wp-json\/wp\/v2\/comments?post=72645"}],"version-history":[{"count":0,"href":"https:\/\/www.redenoticia.com.br\/noticia\/wp-json\/wp\/v2\/posts\/72645\/revisions"}],"wp:featuredmedia":[{"embeddable":true,"href":"https:\/\/www.redenoticia.com.br\/noticia\/wp-json\/wp\/v2\/media\/57584"}],"wp:attachment":[{"href":"https:\/\/www.redenoticia.com.br\/noticia\/wp-json\/wp\/v2\/media?parent=72645"}],"wp:term":[{"taxonomy":"category","embeddable":true,"href":"https:\/\/www.redenoticia.com.br\/noticia\/wp-json\/wp\/v2\/categories?post=72645"},{"taxonomy":"post_tag","embeddable":true,"href":"https:\/\/www.redenoticia.com.br\/noticia\/wp-json\/wp\/v2\/tags?post=72645"}],"curies":[{"name":"wp","href":"https:\/\/api.w.org\/{rel}","templated":true}]}}