{"id":72643,"date":"2015-07-14T16:13:47","date_gmt":"2015-07-14T19:13:47","guid":{"rendered":"http:\/\/www.redenoticia.com.br\/noticia\/?p=72643"},"modified":"2015-07-14T16:13:47","modified_gmt":"2015-07-14T19:13:47","slug":"queda-nas-vendas-do-varejo-reflete-menor-credito-e-reducao-da-renda-diz-ibge","status":"publish","type":"post","link":"https:\/\/www.redenoticia.com.br\/noticia\/2015\/queda-nas-vendas-do-varejo-reflete-menor-credito-e-reducao-da-renda-diz-ibge\/72643","title":{"rendered":"Queda nas vendas do varejo reflete menor cr\u00e9dito e redu\u00e7\u00e3o da renda, diz IBGE"},"content":{"rendered":"<p> A queda de 4,5% nas <strong><em>vendas do com\u00e9rcio varejista<\/em><\/strong> do pa\u00eds em maio deste ano, em rela\u00e7\u00e3o ao mesmo per\u00edodo de 2014, reflete as restri\u00e7\u00f5es ao cr\u00e9dito e a diminui\u00e7\u00e3o da renda do trabalhador, segundo a t\u00e9cnica respons\u00e1vel pela Pesquisa Mensal do Com\u00e9rcio (PMC), do Instituto Brasileiro de Geografia e Estat\u00edstica (IBGE), Juliana Vasconcelos.<\/p>\n<p>De acordo com ela, a redu\u00e7\u00e3o das vendas foi puxada, principalmente, pelo setor de m\u00f3veis e eletrodom\u00e9sticos, que registrou queda de 18,5% em maio, na compara\u00e7\u00e3o com igual m\u00eas do ano passado, e acumula recuo de 10,9% nos primeiros cinco meses do ano. Em 12 meses, o setor apresenta queda de 6,1%.<\/p>\n<p>\u201cEste \u00e9 um setor que, historicamente, sempre apresenta um desempenho positivo em maio em fun\u00e7\u00e3o do Dia das M\u00e3es e que em maio deste ano chegou a fechar em queda de 18,5% na compara\u00e7\u00e3o com maio do ano passado\u201d, disse.<\/p>\n<p>Juliana Vasconcelos tamb\u00e9m ressaltou a redu\u00e7\u00e3o das vendas no segmento de hipermercados, supermercados, produtos aliment\u00edcios, bebidas e fumos, que fechou maio com queda em todas as bases de compara\u00e7\u00e3o. Houve recuo de 2,1% em rela\u00e7\u00e3o a maio do ano passado, de 1,6% no acumulado do ano e de 0,9% em 12 meses.<\/p>\n<p>\u201cA queda do setor reflete a influ\u00eancia direta da restri\u00e7\u00e3o do poder de compra das fam\u00edlias, que em fun\u00e7\u00e3o do poder de compra menor passam tamb\u00e9m a comprar menos alimentos ou alimentos mais baratos. Reflete, ainda, o fato de que maio deste ano teve um dia \u00fatil a menos do que em 2014\u201d, explicou.<\/p>\n<p>Se consideradas as vendas do com\u00e9rcio varejista ampliado (que inclui tamb\u00e9m ve\u00edculos, motos, partes e pe\u00e7as e material de constru\u00e7\u00e3o), a queda de 10,4% de maio de 2015 em rela\u00e7\u00e3o a maio do ano passado foi motivada, principalmente, pelo setor de ve\u00edculos, que registrou queda de 22,2% na mesma base de compara\u00e7\u00e3o. \u201c\u00c9 um setor que tamb\u00e9m est\u00e1 sofrendo com a restri\u00e7\u00e3o do cr\u00e9dito, a diminui\u00e7\u00e3o da renda e, principalmente,  a falta de confian\u00e7a do consumidor\u201d, disse Juliana Vasconcelos.<\/p>\n<p>O IBGE ressaltou o fato de que a queda nas vendas do com\u00e9rcio s\u00f3 n\u00e3o foi ainda maior em decorr\u00eancia do comportamento do setor de artigos farmac\u00eauticos, m\u00e9dicos, ortop\u00e9dicos e de perfumaria, que cresceu 1,8% na compara\u00e7\u00e3o com maio do ano passado. Isso acontece, segundo Juliana Vasconcelos, porque \u00e9 um setor que engloba produtos que apresentam pre\u00e7os favor\u00e1veis. \u201cPre\u00e7o \u00e9 um dos fatores que influenciam o consumo das fam\u00edlias e ainda por cima est\u00e1 abaixo da infla\u00e7\u00e3o, favorecendo o consumo. S\u00e3o tamb\u00e9m produtos considerados bens essenciais [farmac\u00eauticos] e que envolvem a sa\u00fade das fam\u00edlias.\u201d<\/p>\n<p>Nielmar de Oliveira \u2013 Rep\u00f3rter da Ag\u00eancia Brasil<br \/>\nEdi\u00e7\u00e3o: Juliana Andrade<\/p>\n","protected":false},"excerpt":{"rendered":"<p>A queda de 4,5% nas vendas do com\u00e9rcio varejista do pa\u00eds em maio deste ano, em rela\u00e7\u00e3o ao mesmo per\u00edodo de 2014, reflete as restri\u00e7\u00f5es ao cr\u00e9dito e a diminui\u00e7\u00e3o da renda do trabalhador, segundo a t\u00e9cnica respons\u00e1vel pela Pesquisa Mensal do Com\u00e9rcio (PMC), do Instituto Brasileiro de Geografia e Estat\u00edstica (IBGE), Juliana Vasconcelos. De [&hellip;]<\/p>\n","protected":false},"author":2,"featured_media":57585,"comment_status":"open","ping_status":"closed","sticky":false,"template":"","format":"standard","meta":{"_genesis_hide_title":false,"_genesis_hide_breadcrumbs":false,"_genesis_hide_singular_image":false,"_genesis_hide_footer_widgets":false,"_genesis_custom_body_class":"","_genesis_custom_post_class":"","_genesis_layout":"","_jetpack_memberships_contains_paid_content":false,"footnotes":""},"categories":[22,7],"tags":[],"class_list":{"0":"post-72643","1":"post","2":"type-post","3":"status-publish","4":"format-standard","5":"has-post-thumbnail","7":"category-brasil","8":"category-economia","9":"entry","10":"gs-1","11":"gs-odd","12":"gs-even","13":"gs-featured-content-entry"},"jetpack_featured_media_url":"https:\/\/www.redenoticia.com.br\/noticia\/imagens\/analise-economia.jpg","jetpack_sharing_enabled":true,"jetpack_likes_enabled":true,"_links":{"self":[{"href":"https:\/\/www.redenoticia.com.br\/noticia\/wp-json\/wp\/v2\/posts\/72643","targetHints":{"allow":["GET"]}}],"collection":[{"href":"https:\/\/www.redenoticia.com.br\/noticia\/wp-json\/wp\/v2\/posts"}],"about":[{"href":"https:\/\/www.redenoticia.com.br\/noticia\/wp-json\/wp\/v2\/types\/post"}],"author":[{"embeddable":true,"href":"https:\/\/www.redenoticia.com.br\/noticia\/wp-json\/wp\/v2\/users\/2"}],"replies":[{"embeddable":true,"href":"https:\/\/www.redenoticia.com.br\/noticia\/wp-json\/wp\/v2\/comments?post=72643"}],"version-history":[{"count":0,"href":"https:\/\/www.redenoticia.com.br\/noticia\/wp-json\/wp\/v2\/posts\/72643\/revisions"}],"wp:featuredmedia":[{"embeddable":true,"href":"https:\/\/www.redenoticia.com.br\/noticia\/wp-json\/wp\/v2\/media\/57585"}],"wp:attachment":[{"href":"https:\/\/www.redenoticia.com.br\/noticia\/wp-json\/wp\/v2\/media?parent=72643"}],"wp:term":[{"taxonomy":"category","embeddable":true,"href":"https:\/\/www.redenoticia.com.br\/noticia\/wp-json\/wp\/v2\/categories?post=72643"},{"taxonomy":"post_tag","embeddable":true,"href":"https:\/\/www.redenoticia.com.br\/noticia\/wp-json\/wp\/v2\/tags?post=72643"}],"curies":[{"name":"wp","href":"https:\/\/api.w.org\/{rel}","templated":true}]}}