{"id":72467,"date":"2015-07-10T15:51:18","date_gmt":"2015-07-10T18:51:18","guid":{"rendered":"http:\/\/www.redenoticia.com.br\/noticia\/?p=72467"},"modified":"2015-07-10T15:51:18","modified_gmt":"2015-07-10T18:51:18","slug":"como-evitar-acidentes-nas-estradas-sob-ocorrencia-de-neblina","status":"publish","type":"post","link":"https:\/\/www.redenoticia.com.br\/noticia\/2015\/como-evitar-acidentes-nas-estradas-sob-ocorrencia-de-neblina\/72467","title":{"rendered":"Como evitar acidentes nas estradas sob ocorr\u00eancia de neblina"},"content":{"rendered":"<p>A <strong><em>neblina<\/em><\/strong> reduz a visibilidade por causa da n\u00e9voa e aumenta o perigo de colis\u00f5es e atropelamentos. No Sistema Anchienta-Imigrantes (SAI), a Ecovias, concession\u00e1ria respons\u00e1vel, atua em parceria com a Pol\u00edcia Rodovi\u00e1ria Militar na Opera\u00e7\u00e3o Comboio, a\u00e7\u00e3o na qual os carros que seguem sentido Litoral s\u00e3o escoltados por viaturas da pol\u00edcia rodovi\u00e1ria e da concession\u00e1ria a uma velocidade m\u00e1xima de 40 quil\u00f4metros por hora.<\/p>\n<p> As demais concession\u00e1rias adotam outras medidas, como a revitaliza\u00e7\u00e3o das sinaliza\u00e7\u00f5es verticais (placas e pain\u00e9is informativos) e horizontais (pintura de solo), veicula\u00e7\u00e3o de mensagens alertando os motoristas nos pain\u00e9is de mensagens eletr\u00f4nicos espalhados pelas rodovias, implanta\u00e7\u00e3o de sinaliza\u00e7\u00e3o com uso de viaturas, entre outras.<\/p>\n<p> Os motoristas tamb\u00e9m devem fazer sua parte. Veja como evitar acidentes durante a neblina:<\/p>\n<p>&#8211; Reduza suavemente a velocidade ao perceber os primeiros sinais de neblina e mantenha uma dist\u00e2ncia segura do ve\u00edculo \u00e0 frente.<\/p>\n<p>&#8211; Utilize os far\u00f3is baixos; os far\u00f3is altos n\u00e3o devem ser utilizados, pois atrapalham o motorista que est\u00e1 \u00e0 frente.<\/p>\n<p>&#8211; N\u00e3o pare o ve\u00edculo no acostamento e n\u00e3o ligue o pisca-alerta com o carro em movimento.<\/p>\n<p>&#8211; Utilize a pintura de faixa e a sinaliza\u00e7\u00e3o do solo como refer\u00eancias para o caminho.<\/p>\n<p>&#8211; Mantenha-se atento a sinais sonoros externos.<\/p>\n<p>Do Portal do Governo do Estado<\/p>\n","protected":false},"excerpt":{"rendered":"<p>A neblina reduz a visibilidade por causa da n\u00e9voa e aumenta o perigo de colis\u00f5es e atropelamentos. No Sistema Anchienta-Imigrantes (SAI), a Ecovias, concession\u00e1ria respons\u00e1vel, atua em parceria com a Pol\u00edcia Rodovi\u00e1ria Militar na Opera\u00e7\u00e3o Comboio, a\u00e7\u00e3o na qual os carros que seguem sentido Litoral s\u00e3o escoltados por viaturas da pol\u00edcia rodovi\u00e1ria e da concession\u00e1ria [&hellip;]<\/p>\n","protected":false},"author":2,"featured_media":35207,"comment_status":"open","ping_status":"closed","sticky":false,"template":"","format":"standard","meta":{"_genesis_hide_title":false,"_genesis_hide_breadcrumbs":false,"_genesis_hide_singular_image":false,"_genesis_hide_footer_widgets":false,"_genesis_custom_body_class":"","_genesis_custom_post_class":"","_genesis_layout":"","_jetpack_memberships_contains_paid_content":false,"footnotes":""},"categories":[22],"tags":[],"class_list":{"0":"post-72467","1":"post","2":"type-post","3":"status-publish","4":"format-standard","5":"has-post-thumbnail","7":"category-brasil","8":"entry","9":"gs-1","10":"gs-odd","11":"gs-even","12":"gs-featured-content-entry"},"jetpack_featured_media_url":"https:\/\/www.redenoticia.com.br\/noticia\/imagens\/transito-estradas.jpg","jetpack_sharing_enabled":true,"jetpack_likes_enabled":true,"_links":{"self":[{"href":"https:\/\/www.redenoticia.com.br\/noticia\/wp-json\/wp\/v2\/posts\/72467","targetHints":{"allow":["GET"]}}],"collection":[{"href":"https:\/\/www.redenoticia.com.br\/noticia\/wp-json\/wp\/v2\/posts"}],"about":[{"href":"https:\/\/www.redenoticia.com.br\/noticia\/wp-json\/wp\/v2\/types\/post"}],"author":[{"embeddable":true,"href":"https:\/\/www.redenoticia.com.br\/noticia\/wp-json\/wp\/v2\/users\/2"}],"replies":[{"embeddable":true,"href":"https:\/\/www.redenoticia.com.br\/noticia\/wp-json\/wp\/v2\/comments?post=72467"}],"version-history":[{"count":0,"href":"https:\/\/www.redenoticia.com.br\/noticia\/wp-json\/wp\/v2\/posts\/72467\/revisions"}],"wp:featuredmedia":[{"embeddable":true,"href":"https:\/\/www.redenoticia.com.br\/noticia\/wp-json\/wp\/v2\/media\/35207"}],"wp:attachment":[{"href":"https:\/\/www.redenoticia.com.br\/noticia\/wp-json\/wp\/v2\/media?parent=72467"}],"wp:term":[{"taxonomy":"category","embeddable":true,"href":"https:\/\/www.redenoticia.com.br\/noticia\/wp-json\/wp\/v2\/categories?post=72467"},{"taxonomy":"post_tag","embeddable":true,"href":"https:\/\/www.redenoticia.com.br\/noticia\/wp-json\/wp\/v2\/tags?post=72467"}],"curies":[{"name":"wp","href":"https:\/\/api.w.org\/{rel}","templated":true}]}}