{"id":72465,"date":"2015-07-10T15:49:28","date_gmt":"2015-07-10T18:49:28","guid":{"rendered":"http:\/\/www.redenoticia.com.br\/noticia\/?p=72465"},"modified":"2015-07-10T15:49:28","modified_gmt":"2015-07-10T18:49:28","slug":"validade-de-novo-modelo-de-passaporte-e-ampliada-de-5-para-10-anos","status":"publish","type":"post","link":"https:\/\/www.redenoticia.com.br\/noticia\/2015\/validade-de-novo-modelo-de-passaporte-e-ampliada-de-5-para-10-anos\/72465","title":{"rendered":"Validade de novo modelo de passaporte \u00e9 ampliada de 5 para 10 anos"},"content":{"rendered":"<p> O <strong><em>passaporte<\/em><\/strong> brasileiro tem nova vers\u00e3o. Entre as mudan\u00e7as est\u00e1 a validade do documento, que passa de cinco para dez anos. Segundo o ministro da Justi\u00e7a, Jos\u00e9 Eduardo Cardozo, com a medida, o Brasil estar\u00e1 alinhado com o padr\u00e3o adotado em outros pa\u00edses.<\/p>\n<p>\u201cEst\u00e1vamos tendo um grande ac\u00famulo de pedidos de expedi\u00e7\u00e3o de passaporte e de renova\u00e7\u00e3o e n\u00e3o havia sentido manter uma tradi\u00e7\u00e3o que n\u00e3o \u00e9 seguida no mundo\u201d, disse o ministro.  <\/p>\n<p>Com a mudan\u00e7a na validade, os itens de seguran\u00e7a foram refor\u00e7ados. Foi adotado outro padr\u00e3o de criptografia para a assinatura digital, com o objetivo de aumentar a seguran\u00e7a dos dados gravados no chip. A capa tem um novo visual, e tamb\u00e9m foram feitas modifica\u00e7\u00f5es na imagem fluorescente, que n\u00e3o pode ser vista a olho nu.<\/p>\n<p>De acordo com o ministro, os elementos de seguran\u00e7a adotados dificultam a falsifica\u00e7\u00e3o do documento. \u201cQuando a tecnologia avan\u00e7a, o crime tamb\u00e9m se apropria da tecnologia para avan\u00e7ar, ent\u00e3o o Estado tem que estar atento a isso\u201d, disse Cardozo.<\/p>\n<p>Na entrevista coletiva, o diretor-geral da Pol\u00edcia Federal (PF), Leandro Daiello, ressaltou que os elementos de seguran\u00e7a no documento brasileiro possibilitaram a aprova\u00e7\u00e3o do aumento da validade. \u201cO Brasil passou por uma s\u00e9rie de aprova\u00e7\u00f5es de testes dos seus elementos de seguran\u00e7a. Aprovados, [isso] possibilita que o nosso documento, ent\u00e3o, tenha uma validade de dez anos. N\u00f3s nos equiparamos aos elementos de seguran\u00e7a dos passaportes no mundo\u201d, disse.<\/p>\n<p>Segundo Cardozo, quem ainda tem o passaporte no modelo antigo pode us\u00e1-lo at\u00e9 o fim do prazo de validade. Para as novas emiss\u00f5es, ser\u00e1 cobrada taxa de R$ 257,25 reais. De acordo com o ministro, desde 2006, o valor n\u00e3o era reajustado e a atualiza\u00e7\u00e3o foi feita pelo valor da infla\u00e7\u00e3o. Na solenidade de lan\u00e7amento do documento, o ministro fez a entrega de dois passaportes a cidad\u00e3os.<\/p>\n<p>O Minist\u00e9rio das Rela\u00e7\u00f5es Exteriores informou que o novo passaporte ser\u00e1 lan\u00e7ado no exterior a partir de agosto, de forma escalonada. \u201cA defasagem em rela\u00e7\u00e3o ao lan\u00e7amento no Brasil decorre da necessidade de adequar as entregas do novo material pela Casa da Moeda e os imperativos log\u00edsticos para distribuir esse material para os cerca de 200 postos no exterior\u201d, explica o Itamaraty em nota.<\/p>\n<p>Os consulados brasileiros na Am\u00e9rica do Sul e Am\u00e9rica Central ser\u00e3o os primeiros a fazerem a emiss\u00e3o. Logo depois, o documento ser\u00e1 emitido na \u00c1frica, \u00c1sia, Europa e Oceania. A previs\u00e3o \u00e9 que em outubro o passaporte seja emitido tamb\u00e9m na Am\u00e9rica do Norte.<\/p>\n<p>A nota do Itamaraty destaca que o aumento da validade era uma demanda antiga dos brasileiros que vivem no exterior. \u201cO lan\u00e7amento do novo passaporte constitui um marco importante no processo de aperfei\u00e7oamento constante dos servi\u00e7os consulares\u201d, diz o comunicado.<\/p>\n<p>Mich\u00e8lle Canes \u2013 Rep\u00f3rter da Ag\u00eancia Brasil<br \/>\nEdi\u00e7\u00e3o: Denise Griesinger<\/p>\n","protected":false},"excerpt":{"rendered":"<p>O passaporte brasileiro tem nova vers\u00e3o. Entre as mudan\u00e7as est\u00e1 a validade do documento, que passa de cinco para dez anos. Segundo o ministro da Justi\u00e7a, Jos\u00e9 Eduardo Cardozo, com a medida, o Brasil estar\u00e1 alinhado com o padr\u00e3o adotado em outros pa\u00edses. \u201cEst\u00e1vamos tendo um grande ac\u00famulo de pedidos de expedi\u00e7\u00e3o de passaporte e [&hellip;]<\/p>\n","protected":false},"author":2,"featured_media":57586,"comment_status":"open","ping_status":"closed","sticky":false,"template":"","format":"standard","meta":{"_genesis_hide_title":false,"_genesis_hide_breadcrumbs":false,"_genesis_hide_singular_image":false,"_genesis_hide_footer_widgets":false,"_genesis_custom_body_class":"","_genesis_custom_post_class":"","_genesis_layout":"","_jetpack_memberships_contains_paid_content":false,"footnotes":""},"categories":[22],"tags":[],"class_list":{"0":"post-72465","1":"post","2":"type-post","3":"status-publish","4":"format-standard","5":"has-post-thumbnail","7":"category-brasil","8":"entry","9":"gs-1","10":"gs-odd","11":"gs-even","12":"gs-featured-content-entry"},"jetpack_featured_media_url":"https:\/\/www.redenoticia.com.br\/noticia\/imagens\/agenda-inscricao-concurso.jpg","jetpack_sharing_enabled":true,"jetpack_likes_enabled":true,"_links":{"self":[{"href":"https:\/\/www.redenoticia.com.br\/noticia\/wp-json\/wp\/v2\/posts\/72465","targetHints":{"allow":["GET"]}}],"collection":[{"href":"https:\/\/www.redenoticia.com.br\/noticia\/wp-json\/wp\/v2\/posts"}],"about":[{"href":"https:\/\/www.redenoticia.com.br\/noticia\/wp-json\/wp\/v2\/types\/post"}],"author":[{"embeddable":true,"href":"https:\/\/www.redenoticia.com.br\/noticia\/wp-json\/wp\/v2\/users\/2"}],"replies":[{"embeddable":true,"href":"https:\/\/www.redenoticia.com.br\/noticia\/wp-json\/wp\/v2\/comments?post=72465"}],"version-history":[{"count":0,"href":"https:\/\/www.redenoticia.com.br\/noticia\/wp-json\/wp\/v2\/posts\/72465\/revisions"}],"wp:featuredmedia":[{"embeddable":true,"href":"https:\/\/www.redenoticia.com.br\/noticia\/wp-json\/wp\/v2\/media\/57586"}],"wp:attachment":[{"href":"https:\/\/www.redenoticia.com.br\/noticia\/wp-json\/wp\/v2\/media?parent=72465"}],"wp:term":[{"taxonomy":"category","embeddable":true,"href":"https:\/\/www.redenoticia.com.br\/noticia\/wp-json\/wp\/v2\/categories?post=72465"},{"taxonomy":"post_tag","embeddable":true,"href":"https:\/\/www.redenoticia.com.br\/noticia\/wp-json\/wp\/v2\/tags?post=72465"}],"curies":[{"name":"wp","href":"https:\/\/api.w.org\/{rel}","templated":true}]}}